{"id":960,"date":"2011-10-26T13:41:53","date_gmt":"2011-10-26T19:41:53","guid":{"rendered":"http:\/\/www.amigosmetabolicos.org\/?p=960"},"modified":"2012-10-04T21:18:19","modified_gmt":"2012-10-05T03:18:19","slug":"amam-aprobada-iniciativa-tamiz-neonatal-ampliado","status":"publish","type":"post","link":"https:\/\/amigosmetabolicos.org\/?p=960","title":{"rendered":"Seguimos avanzando: APROBADA \u00abINICIATIVA TAMIZ NEONATAL AMPLIADO\u00bb."},"content":{"rendered":"<div id=\"attachment_1361\" style=\"width: 138px\" class=\"wp-caption alignleft\"><a href=\"http:\/\/www.amigosmetabolicos.org\/?attachment_id=1361\" rel=\"attachment wp-att-1361\"><img aria-describedby=\"caption-attachment-1361\" loading=\"lazy\" class=\"size-full wp-image-1361 \" title=\"Sra. Xochitl Mendoza, Sen. Ernesto Saro \" src=\"http:\/\/www.amigosmetabolicos.org\/wp-content\/uploads\/2012\/10\/XM-ES-01.jpg\" alt=\"Sra. Xochitl Mendoza, Sen. Ernesto Saro\" width=\"128\" height=\"204\" srcset=\"https:\/\/amigosmetabolicos.org\/wp-content\/uploads\/2012\/10\/XM-ES-01.jpg 128w, https:\/\/amigosmetabolicos.org\/wp-content\/uploads\/2012\/10\/XM-ES-01-125x200.jpg 125w\" sizes=\"(max-width: 128px) 100vw, 128px\" \/><\/a><p id=\"caption-attachment-1361\" class=\"wp-caption-text\">Sra. Xochitl Mendoza, Sen. Ernesto Saro<\/p><\/div>\n<p>&nbsp;<\/p>\n<p>&nbsp;<\/p>\n<p>&nbsp;<\/p>\n<p>&nbsp;<\/p>\n<p>&nbsp;<\/p>\n<p>&nbsp;<\/p>\n<p>&nbsp;<\/p>\n<p>&nbsp;<\/p>\n<p>&nbsp;<\/p>\n<p>El d\u00eda 25 de Octubre del 2011 se lleva acabo la Sesi\u00f3n P\u00fablica Ordinaria d\u00f3nde se presenta el Proyectop de Decreto por el que se reforma y adiciona diversas disposiciones a la Ley General de Salud en Materia de Tamiz Neonatal. Publicada en la Gaceta la Aprobaci\u00f3n unanime 88 votos a favor de La Honorable Camara de Senadores de La Rep\u00fablica Mexicana.<\/p>\n<p>Turnada a la Camara de Diputados Comisi\u00f3n de Salud Dip. Miguel Antonio Osuna Mill\u00e1n (Presidente de la Comisi\u00f3n de Salud).<\/p>\n<p><a href=\"http:\/\/sil.gobernacion.gob.mx\/Reportes\/Sesion\/ReporteSesion.php?Camara=2&amp;Origen=US#T2809400\" target=\"_blank\">http:\/\/sil.gobernacion.gob.mx\/Reportes\/Sesion\/ReporteSesion.php?Camara=2&amp;Origen=US#T2809400<\/a><\/p>\n<p>AMAM<\/p>\n<p><strong>MUCHAS GRACIAS POR SUMAR ESFUERZOS!<\/strong><\/p>\n<p>Sen. Mar\u00eda del Socorro Garc\u00eda Quiroz por haber propuesto la Iniciativa de ley del Tamiz Neonatal Ampliado, y a su equipo t\u00e9cnico Lic. Rosa Elena Vazques.<\/p>\n<p>Sen. Ernesto Saro Boardman (Presidente de la Comisi\u00f3n de Salud de la Camara de Senadores) Por su enorme compromiso en el tema y su gran apoyo con la Sociedad Civil para que esta iniciativa fuera aprobada por unanimidad de votos en el Pleno del Senado. Sabemos que sin su apoyo, dedicaci\u00f3n y profesionalismo no hubiera sido de otra forma.<\/p>\n<p>Sra. Irene Mendez,Lic. Gabier Gonz\u00e1lez,Lic. Ra\u00fal Dominguez,Lic. Julian Olalde. Por su amabilidad, compromiso, profesionalismo y seguimiento tan puntual.<\/p>\n<p>Senador Guillermo Tamborrel Suar\u00e9z Por su enorme apoyo y proyecci\u00f3n de sensibilidad al pleno.<\/p>\n<p>Sen. Judith D\u00ecaz y Sen. Pablo G\u00f2mez, Por\u00a0 su grandioso apoyo .<\/p>\n<p>Dip. Antonio Osuna Mill\u00e0n, Por su enorme compromiso y prioridad en el tema.<\/p>\n<p>AMAM , LA HONORABLE CAMARA DE SENADORES Y LA HONORABLE CAMARA DE DIPUTADOS SEGUIREMOS TRABAJANDO CONJUNTAMENTE Y SUMANDO ESFUERZOS PARA LOGRAR QUE TODO NI\u00d1O NACIDO EN TERRITORIO MEXICANO GOCE DE SU PLENO DERECHO\u00a0 A LA SALUD. CON EQUIDAD Y JUSTICIA LO LOGRAREMOS.<\/p>\n<p><strong>NUESTRO COMPROMISO CON NUESTROS NI\u00d1OS METABOLICOS\u00a0 Y DE GENERACIONES FUTURAS, REPRESENTAN EL AMOR, LA PASION, Y LA DETERMINACI\u00d2N\u00a0 DE LOGRAR HACER BIOGRAFIA POR EL BENEFICIO DE NUESTRA SOCIEDAD MEXICANA.<\/strong><\/p>\n<p><strong>A NOMBRE DE NUESTROS NI\u00d1OS METABOLICOS Y SUS FAMILIAS<\/strong><\/p>\n<p>\u00a1MUCHAS GRACIAS SEN. ERNESTO SARO BOARDMAN POR SU GENTIL APOYO Y\u00a0 LA GRATA INVITACI\u00d2N COMO UNICA SOCIEDAD CIVIL EN EL PLENO (AMAM).<\/p>\n","protected":false},"excerpt":{"rendered":"<p>&nbsp; &nbsp; &nbsp; &nbsp; &nbsp; &nbsp; &nbsp; &nbsp; &nbsp; El d\u00eda 25 de Octubre del 2011 se lleva acabo la Sesi\u00f3n P\u00fablica Ordinaria d\u00f3nde se presenta el Proyectop de Decreto por el que se reforma y adiciona diversas disposiciones a la Ley General de Salud en Materia de Tamiz Neonatal. Publicada en la Gaceta la [&hellip;]<\/p>\n","protected":false},"author":4,"featured_media":0,"comment_status":"open","ping_status":"closed","sticky":false,"template":"","format":"standard","meta":{"ngg_post_thumbnail":0},"categories":[5],"tags":[],"_links":{"self":[{"href":"https:\/\/amigosmetabolicos.org\/index.php?rest_route=\/wp\/v2\/posts\/960"}],"collection":[{"href":"https:\/\/amigosmetabolicos.org\/index.php?rest_route=\/wp\/v2\/posts"}],"about":[{"href":"https:\/\/amigosmetabolicos.org\/index.php?rest_route=\/wp\/v2\/types\/post"}],"author":[{"embeddable":true,"href":"https:\/\/amigosmetabolicos.org\/index.php?rest_route=\/wp\/v2\/users\/4"}],"replies":[{"embeddable":true,"href":"https:\/\/amigosmetabolicos.org\/index.php?rest_route=%2Fwp%2Fv2%2Fcomments&post=960"}],"version-history":[{"count":19,"href":"https:\/\/amigosmetabolicos.org\/index.php?rest_route=\/wp\/v2\/posts\/960\/revisions"}],"predecessor-version":[{"id":969,"href":"https:\/\/amigosmetabolicos.org\/index.php?rest_route=\/wp\/v2\/posts\/960\/revisions\/969"}],"wp:attachment":[{"href":"https:\/\/amigosmetabolicos.org\/index.php?rest_route=%2Fwp%2Fv2%2Fmedia&parent=960"}],"wp:term":[{"taxonomy":"category","embeddable":true,"href":"https:\/\/amigosmetabolicos.org\/index.php?rest_route=%2Fwp%2Fv2%2Fcategories&post=960"},{"taxonomy":"post_tag","embeddable":true,"href":"https:\/\/amigosmetabolicos.org\/index.php?rest_route=%2Fwp%2Fv2%2Ftags&post=960"}],"curies":[{"name":"wp","href":"https:\/\/api.w.org\/{rel}","templated":true}]}}