{"id":862,"date":"2011-08-16T06:18:52","date_gmt":"2011-08-16T12:18:52","guid":{"rendered":"http:\/\/www.amigosmetabolicos.org\/?p=862"},"modified":"2014-08-28T23:38:09","modified_gmt":"2014-08-29T05:38:09","slug":"amam-participa-en-la-primera-reunion-nacional-2011-de-responsables-de-infancia-regionales-estatales-regionales-de-capacitacion-y-coordinadores-de-capacitacion-en-pediatria","status":"publish","type":"post","link":"https:\/\/amigosmetabolicos.org\/?p=862","title":{"rendered":"AMAM Participa en La Primera Reuni\u00f3n Nacional 2011 de responsables de Infancia, Regionales Estatales\/ Regionales de Capacitaci\u00f3n y Coordinadores de Capacitaci\u00f3n en Pediatr\u00eda."},"content":{"rendered":"<div class=\"mceTemp\" style=\"text-align: justify;\"><\/div>\n<div class=\"mceTemp\" style=\"text-align: justify;\">Con el objetivo principal de difundir la importancia de la detecci\u00f2n\u00a0oportuna de los Errores Innatos del Metabolismo, mediante el Tamiz Neonatal Ampliado, compartiendo el testimonio de Diego Wenzel Mendoza, qui\u00e8n padece Citrulinemia.<\/div>\n<div class=\"mceTemp\" style=\"text-align: justify;\">Invitando a los Pediatras\u00a0 de M\u00e8xico y al Estado de San Luis Potos\u00ec a trabajar conjuntamente para detectar oportunamente a un ni\u00f1o metab\u00f2lico, observando datos evidentes.<\/div>\n<div class=\"mceTemp\" style=\"text-align: justify;\">Se llevo acabo la presentaci\u00f2n de AMAM proporcionando informaci\u00f2n para referir a los amigos metab\u00f2licos del Pa\u00ecs.<\/div>\n<div class=\"mceTemp\" style=\"text-align: justify;\">Hay una Asociaci\u00f2n que los apoya\u00a0 y trabaja para su beneficio y el de generaciones futuras.<\/div>\n<div class=\"mceTemp\" style=\"text-align: justify;\">Todos merecen atenci\u00f2n digna en salud, haremos valer su derecho.<\/div>\n<div class=\"mceTemp\" style=\"text-align: justify;\"><\/div>\n<div class=\"mceTemp\" style=\"text-align: justify;\">Sumando esfuerzos podemos lograr que las cosas buenas sucedan puntualmente!<\/div>\n<div class=\"mceTemp\" style=\"text-align: justify;\"><\/div>\n<div class=\"mceTemp\" style=\"text-align: justify;\">Agradecemos enormemente a todos y cada uno de los organizadores de la reuni\u00f2n, a \u00a0m\u00e8dicos de todos los estados de la Rep\u00f9blica.<\/div>\n<div class=\"mceTemp\" style=\"text-align: justify;\">Dra. Vesta Richardson L\u00f2pez Collada<\/div>\n<div class=\"mceTemp\" style=\"text-align: justify;\">Dra. Teresa Murgu\u00eca Peniche<\/div>\n<div class=\"mceTemp\" style=\"text-align: justify;\">Dr. Alejandro Perea S\u00e0nchez (Secretario de Salud del Estado de San Luis Potos\u00ec).<\/div>\n<div class=\"mceTemp\" style=\"text-align: justify;\"><\/div>\n","protected":false},"excerpt":{"rendered":"<p>Con el objetivo principal de difundir la importancia de la detecci\u00f2n\u00a0oportuna de los Errores Innatos del Metabolismo, mediante el Tamiz Neonatal Ampliado, compartiendo el testimonio de Diego Wenzel Mendoza, qui\u00e8n padece Citrulinemia. Invitando a los Pediatras\u00a0 de M\u00e8xico y al Estado de San Luis Potos\u00ec a trabajar conjuntamente para detectar oportunamente a un ni\u00f1o metab\u00f2lico, [&hellip;]<\/p>\n","protected":false},"author":4,"featured_media":0,"comment_status":"open","ping_status":"closed","sticky":false,"template":"","format":"standard","meta":{"ngg_post_thumbnail":0},"categories":[5,32],"tags":[],"_links":{"self":[{"href":"https:\/\/amigosmetabolicos.org\/index.php?rest_route=\/wp\/v2\/posts\/862"}],"collection":[{"href":"https:\/\/amigosmetabolicos.org\/index.php?rest_route=\/wp\/v2\/posts"}],"about":[{"href":"https:\/\/amigosmetabolicos.org\/index.php?rest_route=\/wp\/v2\/types\/post"}],"author":[{"embeddable":true,"href":"https:\/\/amigosmetabolicos.org\/index.php?rest_route=\/wp\/v2\/users\/4"}],"replies":[{"embeddable":true,"href":"https:\/\/amigosmetabolicos.org\/index.php?rest_route=%2Fwp%2Fv2%2Fcomments&post=862"}],"version-history":[{"count":3,"href":"https:\/\/amigosmetabolicos.org\/index.php?rest_route=\/wp\/v2\/posts\/862\/revisions"}],"predecessor-version":[{"id":2594,"href":"https:\/\/amigosmetabolicos.org\/index.php?rest_route=\/wp\/v2\/posts\/862\/revisions\/2594"}],"wp:attachment":[{"href":"https:\/\/amigosmetabolicos.org\/index.php?rest_route=%2Fwp%2Fv2%2Fmedia&parent=862"}],"wp:term":[{"taxonomy":"category","embeddable":true,"href":"https:\/\/amigosmetabolicos.org\/index.php?rest_route=%2Fwp%2Fv2%2Fcategories&post=862"},{"taxonomy":"post_tag","embeddable":true,"href":"https:\/\/amigosmetabolicos.org\/index.php?rest_route=%2Fwp%2Fv2%2Ftags&post=862"}],"curies":[{"name":"wp","href":"https:\/\/api.w.org\/{rel}","templated":true}]}}