{"id":5541,"date":"2025-03-14T00:14:49","date_gmt":"2025-03-14T06:14:49","guid":{"rendered":"https:\/\/amigosmetabolicos.org\/?p=5541"},"modified":"2025-03-14T00:14:49","modified_gmt":"2025-03-14T06:14:49","slug":"rara-un-documental-sobre-fide-miron","status":"publish","type":"post","link":"https:\/\/amigosmetabolicos.org\/?p=5541","title":{"rendered":"Rara &#8211; un documental sobre Fide Mir\u00f3n"},"content":{"rendered":"\n<p class=\"has-large-font-size\">Compartimos el cortometraje documental&nbsp;<strong><em>Rara<\/em><\/strong><\/p>\n\n\n\n<p class=\"has-large-font-size\">Fide Mir\u00f3n vicepresidenta de FEDER presenta su conmovedora historia de vida y como encara su padecimiento: Porfiria Eritropoy\u00e9tica Cong\u00e9nita.<\/p>\n\n\n\n<figure class=\"wp-block-embed is-type-video is-provider-youtube wp-block-embed-youtube wp-embed-aspect-16-9 wp-has-aspect-ratio\"><div class=\"wp-block-embed__wrapper\">\n<div class=\"video-container\"><iframe loading=\"lazy\" title=\"Rara - un documental sobre Fide Mir\u00f3n\" width=\"790\" height=\"444\" src=\"https:\/\/www.youtube.com\/embed\/kfJ2EIIQOsM?feature=oembed\" frameborder=\"0\" allow=\"accelerometer; autoplay; clipboard-write; encrypted-media; gyroscope; picture-in-picture; web-share\" referrerpolicy=\"strict-origin-when-cross-origin\" allowfullscreen><\/iframe><\/div>\n<\/div><\/figure>\n\n\n\n<p class=\"has-large-font-size\">La historia de Fide relata su vida y como hace frente, con fortaleza y alegr\u00eda, de igual manera resalta el trabajo que realiza por mejorar la vida de otras personas. Su persistencia y testimonio visibiliza la realidad de las enfermedades poco frecuentes.<\/p>\n\n\n\n<p class=\"has-large-font-size\">Fide, luchadora deja precedente que permitir\u00e1 mejorar la atenci\u00f3n de los pacientes de patolog\u00edas poco frecuentes, y avanzar en conseguir una cura que permita que las pr\u00f3ximas generaciones no tengan que sufrir lo que a ella le toc\u00f3 vivir.<\/p>\n\n\n\n<p class=\"has-large-font-size\">Gracias Fide por tu amistad, reconocemos tu amor y solidaridad con los pacientes poco frecuentes.<\/p>\n","protected":false},"excerpt":{"rendered":"<p>Compartimos el cortometraje documental&nbsp;Rara Fide Mir\u00f3n vicepresidenta de FEDER presenta su conmovedora historia de vida y como encara su padecimiento: Porfiria Eritropoy\u00e9tica Cong\u00e9nita. La historia de Fide relata su vida y como hace frente, con fortaleza y alegr\u00eda, de igual manera resalta el trabajo que realiza por mejorar la vida de otras personas. Su persistencia [&hellip;]<\/p>\n","protected":false},"author":14,"featured_media":0,"comment_status":"closed","ping_status":"closed","sticky":false,"template":"","format":"standard","meta":{"ngg_post_thumbnail":0},"categories":[4],"tags":[],"_links":{"self":[{"href":"https:\/\/amigosmetabolicos.org\/index.php?rest_route=\/wp\/v2\/posts\/5541"}],"collection":[{"href":"https:\/\/amigosmetabolicos.org\/index.php?rest_route=\/wp\/v2\/posts"}],"about":[{"href":"https:\/\/amigosmetabolicos.org\/index.php?rest_route=\/wp\/v2\/types\/post"}],"author":[{"embeddable":true,"href":"https:\/\/amigosmetabolicos.org\/index.php?rest_route=\/wp\/v2\/users\/14"}],"replies":[{"embeddable":true,"href":"https:\/\/amigosmetabolicos.org\/index.php?rest_route=%2Fwp%2Fv2%2Fcomments&post=5541"}],"version-history":[{"count":2,"href":"https:\/\/amigosmetabolicos.org\/index.php?rest_route=\/wp\/v2\/posts\/5541\/revisions"}],"predecessor-version":[{"id":5543,"href":"https:\/\/amigosmetabolicos.org\/index.php?rest_route=\/wp\/v2\/posts\/5541\/revisions\/5543"}],"wp:attachment":[{"href":"https:\/\/amigosmetabolicos.org\/index.php?rest_route=%2Fwp%2Fv2%2Fmedia&parent=5541"}],"wp:term":[{"taxonomy":"category","embeddable":true,"href":"https:\/\/amigosmetabolicos.org\/index.php?rest_route=%2Fwp%2Fv2%2Fcategories&post=5541"},{"taxonomy":"post_tag","embeddable":true,"href":"https:\/\/amigosmetabolicos.org\/index.php?rest_route=%2Fwp%2Fv2%2Ftags&post=5541"}],"curies":[{"name":"wp","href":"https:\/\/api.w.org\/{rel}","templated":true}]}}