{"id":5374,"date":"2023-06-13T13:41:14","date_gmt":"2023-06-13T19:41:14","guid":{"rendered":"https:\/\/amigosmetabolicos.org\/?p=5374"},"modified":"2023-06-13T13:41:14","modified_gmt":"2023-06-13T19:41:14","slug":"primer-encuentro-nacional-para-padres-e-hijos-con-alguna-enfermedad-metabolica-congenita","status":"publish","type":"post","link":"https:\/\/amigosmetabolicos.org\/?p=5374","title":{"rendered":"Primer Encuentro Nacional para Padres e hijos con alguna Enfermedad Metab\u00f3lica Cong\u00e9nita"},"content":{"rendered":"\n<p class=\"has-medium-font-size\">La Asociaci\u00f3n Mexicana de Amigos Metab\u00f3licos y el Instituto Mexicano del Seguro Social; Llevaremos a cabo el <strong><em>Primer Encuentro Nacional para Padres e hijos con alguna Enfermedad Metab\u00f3lica Cong\u00e9nita.<\/em><\/strong><\/p>\n\n\n\n<figure class=\"wp-block-image size-large\"><img loading=\"lazy\" width=\"1024\" height=\"576\" src=\"https:\/\/amigosmetabolicos.org\/wp-content\/uploads\/2023\/06\/00-FLYER-1er-Encuentro-Nacional-IMSS-AMAM-2023-01-1024x576.png\" alt=\"\" class=\"wp-image-5375\" srcset=\"https:\/\/amigosmetabolicos.org\/wp-content\/uploads\/2023\/06\/00-FLYER-1er-Encuentro-Nacional-IMSS-AMAM-2023-01-1024x576.png 1024w, https:\/\/amigosmetabolicos.org\/wp-content\/uploads\/2023\/06\/00-FLYER-1er-Encuentro-Nacional-IMSS-AMAM-2023-01-570x321.png 570w, https:\/\/amigosmetabolicos.org\/wp-content\/uploads\/2023\/06\/00-FLYER-1er-Encuentro-Nacional-IMSS-AMAM-2023-01-768x432.png 768w, https:\/\/amigosmetabolicos.org\/wp-content\/uploads\/2023\/06\/00-FLYER-1er-Encuentro-Nacional-IMSS-AMAM-2023-01-1536x864.png 1536w, https:\/\/amigosmetabolicos.org\/wp-content\/uploads\/2023\/06\/00-FLYER-1er-Encuentro-Nacional-IMSS-AMAM-2023-01-2048x1152.png 2048w\" sizes=\"(max-width: 1024px) 100vw, 1024px\" \/><\/figure>\n\n\n\n<p class=\"has-medium-font-size\">Debido al trabajo colaborativo que realizamos desde hace m\u00e1s de 18 a\u00f1os en el IMSS, en favor del Tamiz y las enfermedades raras o poco frecuentes realizaremos el \u201c<strong><em>Primer Encuentro Nacional<\/em> <em>para Padres e hijos con alguna Enfermedad Metab\u00f3lica Cong\u00e9nita\u201d, <\/em><\/strong><em>con el objetivo de fomentar la convivencia e intercambiar experiencias entre familiares y pacientes con alguna Enfermedad Metab\u00f3lica Cong\u00e9nita, identificada por tamiz metab\u00f3lico neonatal en el IMSS.<\/em><\/p>\n\n\n\n<p class=\"has-medium-font-size\"><em>Amigos Metab\u00f3licos y el IMSS, nos involucramos en el bienestar de las familias que viven con un paciente que presenta alguna condici\u00f3n metab\u00f3lica o cong\u00e9nita, esto nos lleva a pensar en el d\u00eda a d\u00eda y nos hemos esforzado en conceder la importancia que merecen y vigilar que tengan un trato positivo, incluyente y empoderado.<\/em><\/p>\n","protected":false},"excerpt":{"rendered":"<p>La Asociaci\u00f3n Mexicana de Amigos Metab\u00f3licos y el Instituto Mexicano del Seguro Social; Llevaremos a cabo el Primer Encuentro Nacional para Padres e hijos con alguna Enfermedad Metab\u00f3lica Cong\u00e9nita. Debido al trabajo colaborativo que realizamos desde hace m\u00e1s de 18 a\u00f1os en el IMSS, en favor del Tamiz y las enfermedades raras o poco frecuentes [&hellip;]<\/p>\n","protected":false},"author":14,"featured_media":5377,"comment_status":"closed","ping_status":"closed","sticky":false,"template":"","format":"standard","meta":{"ngg_post_thumbnail":0},"categories":[4],"tags":[74,12,142,13,16,81,48,138,20,112,87,65,147,148,90,51,44,149],"_links":{"self":[{"href":"https:\/\/amigosmetabolicos.org\/index.php?rest_route=\/wp\/v2\/posts\/5374"}],"collection":[{"href":"https:\/\/amigosmetabolicos.org\/index.php?rest_route=\/wp\/v2\/posts"}],"about":[{"href":"https:\/\/amigosmetabolicos.org\/index.php?rest_route=\/wp\/v2\/types\/post"}],"author":[{"embeddable":true,"href":"https:\/\/amigosmetabolicos.org\/index.php?rest_route=\/wp\/v2\/users\/14"}],"replies":[{"embeddable":true,"href":"https:\/\/amigosmetabolicos.org\/index.php?rest_route=%2Fwp%2Fv2%2Fcomments&post=5374"}],"version-history":[{"count":2,"href":"https:\/\/amigosmetabolicos.org\/index.php?rest_route=\/wp\/v2\/posts\/5374\/revisions"}],"predecessor-version":[{"id":5378,"href":"https:\/\/amigosmetabolicos.org\/index.php?rest_route=\/wp\/v2\/posts\/5374\/revisions\/5378"}],"wp:featuredmedia":[{"embeddable":true,"href":"https:\/\/amigosmetabolicos.org\/index.php?rest_route=\/wp\/v2\/media\/5377"}],"wp:attachment":[{"href":"https:\/\/amigosmetabolicos.org\/index.php?rest_route=%2Fwp%2Fv2%2Fmedia&parent=5374"}],"wp:term":[{"taxonomy":"category","embeddable":true,"href":"https:\/\/amigosmetabolicos.org\/index.php?rest_route=%2Fwp%2Fv2%2Fcategories&post=5374"},{"taxonomy":"post_tag","embeddable":true,"href":"https:\/\/amigosmetabolicos.org\/index.php?rest_route=%2Fwp%2Fv2%2Ftags&post=5374"}],"curies":[{"name":"wp","href":"https:\/\/api.w.org\/{rel}","templated":true}]}}