{"id":5255,"date":"2023-02-16T02:33:19","date_gmt":"2023-02-16T08:33:19","guid":{"rendered":"https:\/\/amigosmetabolicos.org\/?p=5255"},"modified":"2023-02-28T07:29:08","modified_gmt":"2023-02-28T13:29:08","slug":"premio-dr-antonio-velazquez-arellano","status":"publish","type":"post","link":"https:\/\/amigosmetabolicos.org\/?p=5255","title":{"rendered":"PREMIO Dr. Antonio Vel\u00e1zquez Arellano"},"content":{"rendered":"\n<p class=\"has-medium-font-size\">La Asociaci\u00f3n Mexicana de Amigos Metab\u00f3licos, A. C. y la Asociaci\u00f3n Mexicana de Angioedema Hereditario, A. C. son los creadores y promotores del Premio <\/p>\n\n\n\n<p class=\"has-text-align-center has-text-color has-large-font-size\" style=\"color:#669933\"><strong>\u201c<span style=\"color:#669933\" class=\"has-inline-color\">Dr. Antonio Vel\u00e1zquez Arellano<\/span>\u201d<\/strong><\/p>\n\n\n\n<figure class=\"wp-block-image size-large\"><img loading=\"lazy\" width=\"1024\" height=\"495\" src=\"https:\/\/amigosmetabolicos.org\/wp-content\/uploads\/2023\/02\/00-Medalla-1-1024x495.png\" alt=\"\" class=\"wp-image-5257\" srcset=\"https:\/\/amigosmetabolicos.org\/wp-content\/uploads\/2023\/02\/00-Medalla-1-1024x495.png 1024w, https:\/\/amigosmetabolicos.org\/wp-content\/uploads\/2023\/02\/00-Medalla-1-570x276.png 570w, https:\/\/amigosmetabolicos.org\/wp-content\/uploads\/2023\/02\/00-Medalla-1-768x371.png 768w, https:\/\/amigosmetabolicos.org\/wp-content\/uploads\/2023\/02\/00-Medalla-1-1536x742.png 1536w, https:\/\/amigosmetabolicos.org\/wp-content\/uploads\/2023\/02\/00-Medalla-1.png 1800w\" sizes=\"(max-width: 1024px) 100vw, 1024px\" \/><\/figure>\n\n\n\n<p class=\"has-large-font-size\"><strong><span style=\"color:#669933\" class=\"has-inline-color\">Objetivo del premio<\/span><span style=\"color:#33cc33\" class=\"has-inline-color\">:<\/span><\/strong><\/p>\n\n\n\n<p class=\"has-medium-font-size\">Reconocer y promover la investigaci\u00f3n cient\u00edfica realizada en M\u00e9xico en diferentes \u00e1reas de la gen\u00e9tica, nutriolog\u00eda, pediatr\u00eda y todas aquellas especialidades dirigidas a prevenir defectos cong\u00e9nitos, cualquier tipo de discapacidad y muerte prevenibles desde la etapa neonatal.<\/p>\n\n\n\n<p class=\"has-medium-font-size\">Esta iniciativa consiste en entregar un reconocimiento a m\u00e9dicas y m\u00e9dicos y personal af\u00edn, que por su trayectoria, aportaciones e investigaciones en pro del Tamiz Neonatal y las Enfermedades Raras o Poco Frecuentes, sean acreedores a tal reconocimiento.<\/p>\n\n\n\n<figure class=\"wp-block-image size-large is-style-default\"><img loading=\"lazy\" width=\"1024\" height=\"355\" src=\"https:\/\/amigosmetabolicos.org\/wp-content\/uploads\/2023\/02\/Diseno-Logo-AMAM-Name_Logotipo-Horizontal-Razon-Social-1024x355.png\" alt=\"\" class=\"wp-image-5260\" srcset=\"https:\/\/amigosmetabolicos.org\/wp-content\/uploads\/2023\/02\/Diseno-Logo-AMAM-Name_Logotipo-Horizontal-Razon-Social-1024x355.png 1024w, https:\/\/amigosmetabolicos.org\/wp-content\/uploads\/2023\/02\/Diseno-Logo-AMAM-Name_Logotipo-Horizontal-Razon-Social-570x197.png 570w, https:\/\/amigosmetabolicos.org\/wp-content\/uploads\/2023\/02\/Diseno-Logo-AMAM-Name_Logotipo-Horizontal-Razon-Social-768x266.png 768w, https:\/\/amigosmetabolicos.org\/wp-content\/uploads\/2023\/02\/Diseno-Logo-AMAM-Name_Logotipo-Horizontal-Razon-Social-1536x532.png 1536w, https:\/\/amigosmetabolicos.org\/wp-content\/uploads\/2023\/02\/Diseno-Logo-AMAM-Name_Logotipo-Horizontal-Razon-Social-2048x709.png 2048w\" sizes=\"(max-width: 1024px) 100vw, 1024px\" \/><\/figure>\n\n\n\n<figure class=\"wp-block-image size-full\"><img loading=\"lazy\" width=\"710\" height=\"439\" src=\"https:\/\/amigosmetabolicos.org\/wp-content\/uploads\/2023\/02\/Logo-AMAEH-Name-01.png\" alt=\"\" class=\"wp-image-5261\" srcset=\"https:\/\/amigosmetabolicos.org\/wp-content\/uploads\/2023\/02\/Logo-AMAEH-Name-01.png 710w, https:\/\/amigosmetabolicos.org\/wp-content\/uploads\/2023\/02\/Logo-AMAEH-Name-01-570x352.png 570w\" sizes=\"(max-width: 710px) 100vw, 710px\" \/><\/figure>\n\n\n\n<figure class=\"wp-block-image size-large\"><img loading=\"lazy\" width=\"1024\" height=\"926\" src=\"https:\/\/amigosmetabolicos.org\/wp-content\/uploads\/2023\/02\/Rare-disease-day-label-logo-CMYK-1024x926.png\" alt=\"\" class=\"wp-image-5266\" srcset=\"https:\/\/amigosmetabolicos.org\/wp-content\/uploads\/2023\/02\/Rare-disease-day-label-logo-CMYK-1024x926.png 1024w, https:\/\/amigosmetabolicos.org\/wp-content\/uploads\/2023\/02\/Rare-disease-day-label-logo-CMYK-570x516.png 570w, https:\/\/amigosmetabolicos.org\/wp-content\/uploads\/2023\/02\/Rare-disease-day-label-logo-CMYK-768x695.png 768w, https:\/\/amigosmetabolicos.org\/wp-content\/uploads\/2023\/02\/Rare-disease-day-label-logo-CMYK.png 1099w\" sizes=\"(max-width: 1024px) 100vw, 1024px\" \/><\/figure>\n","protected":false},"excerpt":{"rendered":"<p>La Asociaci\u00f3n Mexicana de Amigos Metab\u00f3licos, A. C. y la Asociaci\u00f3n Mexicana de Angioedema Hereditario, A. C. son los creadores y promotores del Premio \u201cDr. Antonio Vel\u00e1zquez Arellano\u201d Objetivo del premio: Reconocer y promover la investigaci\u00f3n cient\u00edfica realizada en M\u00e9xico en diferentes \u00e1reas de la gen\u00e9tica, nutriolog\u00eda, pediatr\u00eda y todas aquellas especialidades dirigidas a prevenir [&hellip;]<\/p>\n","protected":false},"author":14,"featured_media":5265,"comment_status":"closed","ping_status":"closed","sticky":false,"template":"","format":"standard","meta":{"ngg_post_thumbnail":0},"categories":[4],"tags":[79,12,13,15,141,16,81,48,49,19,20,135,86,65,84,78,51,44,140],"_links":{"self":[{"href":"https:\/\/amigosmetabolicos.org\/index.php?rest_route=\/wp\/v2\/posts\/5255"}],"collection":[{"href":"https:\/\/amigosmetabolicos.org\/index.php?rest_route=\/wp\/v2\/posts"}],"about":[{"href":"https:\/\/amigosmetabolicos.org\/index.php?rest_route=\/wp\/v2\/types\/post"}],"author":[{"embeddable":true,"href":"https:\/\/amigosmetabolicos.org\/index.php?rest_route=\/wp\/v2\/users\/14"}],"replies":[{"embeddable":true,"href":"https:\/\/amigosmetabolicos.org\/index.php?rest_route=%2Fwp%2Fv2%2Fcomments&post=5255"}],"version-history":[{"count":5,"href":"https:\/\/amigosmetabolicos.org\/index.php?rest_route=\/wp\/v2\/posts\/5255\/revisions"}],"predecessor-version":[{"id":5284,"href":"https:\/\/amigosmetabolicos.org\/index.php?rest_route=\/wp\/v2\/posts\/5255\/revisions\/5284"}],"wp:featuredmedia":[{"embeddable":true,"href":"https:\/\/amigosmetabolicos.org\/index.php?rest_route=\/wp\/v2\/media\/5265"}],"wp:attachment":[{"href":"https:\/\/amigosmetabolicos.org\/index.php?rest_route=%2Fwp%2Fv2%2Fmedia&parent=5255"}],"wp:term":[{"taxonomy":"category","embeddable":true,"href":"https:\/\/amigosmetabolicos.org\/index.php?rest_route=%2Fwp%2Fv2%2Fcategories&post=5255"},{"taxonomy":"post_tag","embeddable":true,"href":"https:\/\/amigosmetabolicos.org\/index.php?rest_route=%2Fwp%2Fv2%2Ftags&post=5255"}],"curies":[{"name":"wp","href":"https:\/\/api.w.org\/{rel}","templated":true}]}}