{"id":5194,"date":"2021-05-26T22:22:40","date_gmt":"2021-05-27T04:22:40","guid":{"rendered":"https:\/\/amigosmetabolicos.org\/?p=5194"},"modified":"2021-05-26T22:56:01","modified_gmt":"2021-05-27T04:56:01","slug":"1er-simposio-tamiz-neonatal-y-enfermedades-raras-2021","status":"publish","type":"post","link":"https:\/\/amigosmetabolicos.org\/?p=5194","title":{"rendered":"1er Simposio Tamiz Neonatal y Enfermedades Raras 2021"},"content":{"rendered":"\n<p class=\"has-medium-font-size\"><strong>1er Simposio Tamiz Neonatal y Enfermedades Raras 2021<\/strong><\/p>\n\n\n\n<p>La Asociaci\u00f3n Mexicana de Amigos Metab\u00f3licos, A.C., El Instituto Polit\u00e9cnico Nacional, La Escuela Nacional de Medicina y Homeopat\u00eda del IPN, La Secretaria de Salud Federal, y la Academia Mexicana de Pediatr\u00eda, invita a la comunidad acad\u00e9mica de las diferentes Unidades Acad\u00e9micas del Instituto Polit\u00e9cnico Nacional, a participar en el <\/p>\n\n\n\n<p>1er Simposio sobre Tamiz Neonatal y Enfermedades Raras que se llevar\u00e1 a cabo de manera virtual los d\u00edas 5 y 6 de junio de 09 a 15 horas, v\u00eda ZOOM.<\/p>\n\n\n\n<figure class=\"wp-block-image\"><img src=\"https:\/\/scontent.fmex18-1.fna.fbcdn.net\/v\/t1.6435-9\/190115912_4369332416419616_6147602290228189625_n.jpg?_nc_cat=108&amp;ccb=1-3&amp;_nc_sid=730e14&amp;_nc_eui2=AeFf3buG3WVfdOuMscRa-UY9OHT3CN_hjzk4dPcI3-GPOetoiPqKMsg4DSsp1K7CuLe6yeTWw9VX7PivgWBD7LXj&amp;_nc_ohc=f8kM5yxLtOEAX_69_AS&amp;_nc_ht=scontent.fmex18-1.fna&amp;oh=deffbdccb2ad4c9145b0aeba1500667d&amp;oe=60D66104\" alt=\"Puede ser una imagen de \u00e1rbol y texto que dice &quot;La Asociaci\u00f3n Mexicana de Amigos Metab\u00f3licos, A.C. El Instituto Polit\u00e9cnico Nacional La Escuela Nacional de Medicina y Homeopat\u00eda del IPN La Secretaria de Salud Federal yla Acaemia Mexicana de Pediatr\u00eda Simposio Tamiz N\u201donatal y Enfermedades Raras INVITAN AL: 1er. SIMPOSIO Virtual TAMIZ NEONATAL Y ENFERMEDADES RARAS 2021 5y de junio Registro: http:\/form.gl\/BJxYRD9Kzxk18 amigos metabolicos SALUD SECRETAR\u00cdA SALUD&quot;\"\/><\/figure>\n\n\n\n<p><br \/>El prop\u00f3sito es Dar a conocer y crear conciencia sobre las enfermedades raras y su impacto en la vida de los pacientes con un enfoque biom\u00e9dico, psicol\u00f3gico y social.<\/p>\n\n\n\n<p>Registro:  <a rel=\"noreferrer noopener\" href=\"https:\/\/l.facebook.com\/l.php?u=https%3A%2F%2Fforms.gle%2FzVBJxaYRD9Kzxk1t8%3Ffbclid%3DIwAR3PNwwAWmJg9VD2Q7IhRE-rQlu0dkAwJFuzhYLLt_BEBGdiYKccxYKkD7Y&amp;h=AT09zwHM3p_Oo1Ezda7XUmF6lX6NCUJqS2bKP-AcPppRxqVcP3-F9rsl7pQhyYNdtwx875gnPBP96V6nPmpCHeTRt7YddECToTZvYUQbhHgd-UoCnrv2rgn7rFS3UUv_X0p6&amp;__tn__=-UK-R&amp;c[0]=AT3U2gMuRqOYouImo7TP0Qft3bTh2RUNYku2kp7kSZ2P8nbcYCz2ZoNYnyuVyU7MGihzGbjREyva8GTF57tVb-bTIMupI2G560Pt3-MFNHeq6eKiwNFh-XFinxudpV3YAmwtWOln-9P-y1eV7OIICJIvximOXEfcZsmkdc7KjL3JAi4ba2y4d6ou33VXlOaTRZSGr7h4\" target=\"_blank\">https:\/\/forms.gle\/zVBJxaYRD9Kzxk1t8<\/a><\/p>\n\n\n\n<p class=\"has-text-align-center has-large-font-size\"><strong>Programa 1er SIMPOSIO TAMIZ NEONATAL Y ENFERMEDADES RARAS 2021<\/strong><\/p>\n\n\n\n<p><\/p>\n\n\n\n<div class=\"wp-block-image\"><figure class=\"aligncenter size-large is-resized\"><img loading=\"lazy\" src=\"https:\/\/amigosmetabolicos.org\/wp-content\/uploads\/2021\/05\/Programa-1er-Simposio_Final-663x1024.png\" alt=\"\" class=\"wp-image-5199\" width=\"835\" height=\"1290\" srcset=\"https:\/\/amigosmetabolicos.org\/wp-content\/uploads\/2021\/05\/Programa-1er-Simposio_Final-663x1024.png 663w, https:\/\/amigosmetabolicos.org\/wp-content\/uploads\/2021\/05\/Programa-1er-Simposio_Final-388x600.png 388w, https:\/\/amigosmetabolicos.org\/wp-content\/uploads\/2021\/05\/Programa-1er-Simposio_Final-768x1187.png 768w, https:\/\/amigosmetabolicos.org\/wp-content\/uploads\/2021\/05\/Programa-1er-Simposio_Final-994x1536.png 994w, https:\/\/amigosmetabolicos.org\/wp-content\/uploads\/2021\/05\/Programa-1er-Simposio_Final-1325x2048.png 1325w\" sizes=\"(max-width: 835px) 100vw, 835px\" \/><\/figure><\/div>\n\n\n\n<p><\/p>\n\n\n\n<h2 class=\"has-text-align-center has-normal-font-size\"><strong><span style=\"color:#33cc33\" class=\"has-inline-color\">\u201cNo hay cometido m\u00e1s grande, ni recompensa m\u00e1s gratificante, que salvar la vida de un ni\u00f1o\u201d<\/span><\/strong><\/h2>\n\n\n\n<h2 class=\"has-text-align-center has-small-font-size\"><strong>Asociaci\u00f3n Mexicana de Amigos Metab\u00f3licos, A. C.<\/strong><\/h2>\n\n\n\n<h2 class=\"has-text-align-center has-small-font-size\"><strong>DR AMAM MMXX<\/strong>I<\/h2>\n\n\n\n<p><\/p>\n","protected":false},"excerpt":{"rendered":"<p>1er Simposio Tamiz Neonatal y Enfermedades Raras 2021 La Asociaci\u00f3n Mexicana de Amigos Metab\u00f3licos, A.C., El Instituto Polit\u00e9cnico Nacional, La Escuela Nacional de Medicina y Homeopat\u00eda del IPN, La Secretaria de Salud Federal, y la Academia Mexicana de Pediatr\u00eda, invita a la comunidad acad\u00e9mica de las diferentes Unidades Acad\u00e9micas del Instituto Polit\u00e9cnico Nacional, a participar [&hellip;]<\/p>\n","protected":false},"author":1,"featured_media":5198,"comment_status":"closed","ping_status":"closed","sticky":false,"template":"","format":"standard","meta":{"ngg_post_thumbnail":0},"categories":[4],"tags":[137,16,77,69,139,138,135,86,65,123,51,136,120,37,44],"_links":{"self":[{"href":"https:\/\/amigosmetabolicos.org\/index.php?rest_route=\/wp\/v2\/posts\/5194"}],"collection":[{"href":"https:\/\/amigosmetabolicos.org\/index.php?rest_route=\/wp\/v2\/posts"}],"about":[{"href":"https:\/\/amigosmetabolicos.org\/index.php?rest_route=\/wp\/v2\/types\/post"}],"author":[{"embeddable":true,"href":"https:\/\/amigosmetabolicos.org\/index.php?rest_route=\/wp\/v2\/users\/1"}],"replies":[{"embeddable":true,"href":"https:\/\/amigosmetabolicos.org\/index.php?rest_route=%2Fwp%2Fv2%2Fcomments&post=5194"}],"version-history":[{"count":2,"href":"https:\/\/amigosmetabolicos.org\/index.php?rest_route=\/wp\/v2\/posts\/5194\/revisions"}],"predecessor-version":[{"id":5200,"href":"https:\/\/amigosmetabolicos.org\/index.php?rest_route=\/wp\/v2\/posts\/5194\/revisions\/5200"}],"wp:featuredmedia":[{"embeddable":true,"href":"https:\/\/amigosmetabolicos.org\/index.php?rest_route=\/wp\/v2\/media\/5198"}],"wp:attachment":[{"href":"https:\/\/amigosmetabolicos.org\/index.php?rest_route=%2Fwp%2Fv2%2Fmedia&parent=5194"}],"wp:term":[{"taxonomy":"category","embeddable":true,"href":"https:\/\/amigosmetabolicos.org\/index.php?rest_route=%2Fwp%2Fv2%2Fcategories&post=5194"},{"taxonomy":"post_tag","embeddable":true,"href":"https:\/\/amigosmetabolicos.org\/index.php?rest_route=%2Fwp%2Fv2%2Ftags&post=5194"}],"curies":[{"name":"wp","href":"https:\/\/api.w.org\/{rel}","templated":true}]}}