{"id":5111,"date":"2020-05-20T00:20:57","date_gmt":"2020-05-20T06:20:57","guid":{"rendered":"https:\/\/amigosmetabolicos.org\/?p=5111"},"modified":"2020-05-20T00:56:14","modified_gmt":"2020-05-20T06:56:14","slug":"guia-para-la-proteccion-de-la-salud-de-las-personas-con-discapacidad-en-el-contexto-de-covid-19","status":"publish","type":"post","link":"https:\/\/amigosmetabolicos.org\/?p=5111","title":{"rendered":"Gu\u00eda para la protecci\u00f3n de la salud de las personas con discapacidad en el contexto de COVID-19."},"content":{"rendered":"<h1>Amigos Metab\u00f3licos quiere compartir con ustedes la<\/h1>\n<h2><strong><em>Gu\u00eda para la protecci\u00f3n de la salud de las personas con discapacidad en el contexto de COVID-19<\/em><\/strong>.<\/h2>\n<p>&nbsp;<\/p>\n<p><img loading=\"lazy\" class=\"aligncenter wp-image-5112 size-medium\" title=\"Gu\u00eda para la protecci\u00f3n de la salud de las personas con discapacidad en el contexto de COVID-19. \" src=\"https:\/\/amigosmetabolicos.org\/wp-content\/uploads\/2020\/05\/01-Portada-464x600.jpg\" alt=\"\" width=\"464\" height=\"600\" srcset=\"https:\/\/amigosmetabolicos.org\/wp-content\/uploads\/2020\/05\/01-Portada-464x600.jpg 464w, https:\/\/amigosmetabolicos.org\/wp-content\/uploads\/2020\/05\/01-Portada-768x994.jpg 768w, https:\/\/amigosmetabolicos.org\/wp-content\/uploads\/2020\/05\/01-Portada-791x1024.jpg 791w, https:\/\/amigosmetabolicos.org\/wp-content\/uploads\/2020\/05\/01-Portada.jpg 989w\" sizes=\"(max-width: 464px) 100vw, 464px\" \/><\/p>\n<p>&nbsp;<\/p>\n<h3>Esta gu\u00eda se podr\u00e1 descargar mediante el siguiente enlace:<\/h3>\n<h3>&nbsp;<\/h3>\n<h3><a href=\"https:\/\/coronavirus.gob.mx\/wp-content\/uploads\/2020\/04\/Guia_PcD_COVID19_29042020.docx\">https:\/\/coronavirus.gob.mx\/wp-content\/uploads\/2020\/04\/Guia_PcD_COVID19_29042020.docx<\/a><\/h3>\n<h5>&nbsp;<\/h5>\n<h5>Fuente: Gobierno de M\u00e9xico<\/h5>\n<div class=\"\" data-block=\"true\" data-editor=\"ekfdr\" data-offset-key=\"3lls-0-0\">\n<h2 class=\"_1mf _1mj\" style=\"text-align: center;\" data-offset-key=\"3lls-0-0\"><span style=\"color: #008000;\"><strong>\u201cNo hay cometido m\u00e1s grande, ni recompensa m\u00e1s gratificante, que salvar la vida de un ni\u00f1o\u201d<\/strong><\/span><\/h2>\n<\/div>\n<div class=\"_1mf _1mj\" data-offset-key=\"7go3-0-0\"><span style=\"color: #008000;\"><strong>&nbsp;<\/strong><\/span><\/div>\n<h2 class=\"_1mf _1mj\" style=\"text-align: center;\" data-offset-key=\"d7am4-0-0\"><strong>Asociaci\u00f3n Mexicana de Amigos Metab\u00f3licos, A. C.<\/strong><\/h2>\n<div class=\"\" data-block=\"true\" data-editor=\"ekfdr\" data-offset-key=\"5q900-0-0\">\n<h2 class=\"_1mf _1mj\" style=\"text-align: center;\" data-offset-key=\"5q900-0-0\"><strong>DR AMAM MMXX<\/strong><\/h2>\n<\/div>\n<p>&nbsp;<\/p>\n","protected":false},"excerpt":{"rendered":"<p>Amigos Metab\u00f3licos quiere compartir con ustedes la Gu\u00eda para la protecci\u00f3n de la salud de las personas con discapacidad en el contexto de COVID-19. &nbsp; &nbsp; Esta gu\u00eda se podr\u00e1 descargar mediante el siguiente enlace: &nbsp; https:\/\/coronavirus.gob.mx\/wp-content\/uploads\/2020\/04\/Guia_PcD_COVID19_29042020.docx &nbsp; Fuente: Gobierno de M\u00e9xico \u201cNo hay cometido m\u00e1s grande, ni recompensa m\u00e1s gratificante, que salvar la vida [&hellip;]<\/p>\n","protected":false},"author":1,"featured_media":5115,"comment_status":"closed","ping_status":"closed","sticky":false,"template":"","format":"standard","meta":{"ngg_post_thumbnail":0},"categories":[4],"tags":[119,106,79,133,134,47,132,90,105,56,51,120],"_links":{"self":[{"href":"https:\/\/amigosmetabolicos.org\/index.php?rest_route=\/wp\/v2\/posts\/5111"}],"collection":[{"href":"https:\/\/amigosmetabolicos.org\/index.php?rest_route=\/wp\/v2\/posts"}],"about":[{"href":"https:\/\/amigosmetabolicos.org\/index.php?rest_route=\/wp\/v2\/types\/post"}],"author":[{"embeddable":true,"href":"https:\/\/amigosmetabolicos.org\/index.php?rest_route=\/wp\/v2\/users\/1"}],"replies":[{"embeddable":true,"href":"https:\/\/amigosmetabolicos.org\/index.php?rest_route=%2Fwp%2Fv2%2Fcomments&post=5111"}],"version-history":[{"count":10,"href":"https:\/\/amigosmetabolicos.org\/index.php?rest_route=\/wp\/v2\/posts\/5111\/revisions"}],"predecessor-version":[{"id":5124,"href":"https:\/\/amigosmetabolicos.org\/index.php?rest_route=\/wp\/v2\/posts\/5111\/revisions\/5124"}],"wp:featuredmedia":[{"embeddable":true,"href":"https:\/\/amigosmetabolicos.org\/index.php?rest_route=\/wp\/v2\/media\/5115"}],"wp:attachment":[{"href":"https:\/\/amigosmetabolicos.org\/index.php?rest_route=%2Fwp%2Fv2%2Fmedia&parent=5111"}],"wp:term":[{"taxonomy":"category","embeddable":true,"href":"https:\/\/amigosmetabolicos.org\/index.php?rest_route=%2Fwp%2Fv2%2Fcategories&post=5111"},{"taxonomy":"post_tag","embeddable":true,"href":"https:\/\/amigosmetabolicos.org\/index.php?rest_route=%2Fwp%2Fv2%2Ftags&post=5111"}],"curies":[{"name":"wp","href":"https:\/\/api.w.org\/{rel}","templated":true}]}}