{"id":4907,"date":"2019-05-29T19:01:46","date_gmt":"2019-05-30T01:01:46","guid":{"rendered":"https:\/\/amigosmetabolicos.org\/?p=4907"},"modified":"2019-05-29T19:01:46","modified_gmt":"2019-05-30T01:01:46","slug":"reunion-de-seguimiento-al-proceso-de-tamiz-metabolico-neonatal","status":"publish","type":"post","link":"https:\/\/amigosmetabolicos.org\/?p=4907","title":{"rendered":"Reuni\u00f3n de seguimiento al proceso de Tamiz Metab\u00f3lico Neonatal"},"content":{"rendered":"<p><strong><em>La Asociaci\u00f3n Mexicana de Amigos Metab\u00f3licos, A. C.<\/em><\/strong> en representaci\u00f3n &nbsp;de la Red Nacional de la Prevenci\u00f3n de la Discapacidad RENAPRED, de la Asociaci\u00f3n Mexicana de Fibrosis Qu\u00edstica, de la Federaci\u00f3n Mexicana de Enfermedades Raras, FEMEXER, de la Alianza Iberoamericana de Enfermedades Raras ALIBER, de la Organizaci\u00f3n Mexicana de Enfermedades Raras OMER, Damos&nbsp; seguimiento al proceso de Tamiz Metab\u00f3lico Neonatal.<\/p>\n<p>&nbsp;<\/p>\n<p>El lunes 20 de mayo nos reunimos con el Dr. Hugo L\u00f3pez-Gatell, Subsecretario de Prevenci\u00f3n y Promoci\u00f3n de la Salud, la Dra. Karla Berdichevsky, Directora General del Centro Nacional de Equidad de G\u00e9nero y Salud Reproductiva y el Dr. Ricardo Cort\u00e9s Alcal\u00e1, Director General de Promoci\u00f3n de la Salud; Hicimos nuestras observaciones puntuales al estudio de mercado&nbsp; para la Contrataci\u00f3n de Servicios Especializados en el Procesamiento de Pruebas de Tamiz Metab\u00f3lico Neonatal. Daremos seguimiento.<\/p>\n<p>&nbsp;<\/p>\n<p><img loading=\"lazy\" class=\"aligncenter size-medium wp-image-4908\" src=\"https:\/\/amigosmetabolicos.org\/wp-content\/uploads\/2019\/05\/AMAM-Tamiz-20-Mayo-2019-570x462.jpg\" alt=\"\" width=\"570\" height=\"462\" srcset=\"https:\/\/amigosmetabolicos.org\/wp-content\/uploads\/2019\/05\/AMAM-Tamiz-20-Mayo-2019-570x462.jpg 570w, https:\/\/amigosmetabolicos.org\/wp-content\/uploads\/2019\/05\/AMAM-Tamiz-20-Mayo-2019-768x623.jpg 768w, https:\/\/amigosmetabolicos.org\/wp-content\/uploads\/2019\/05\/AMAM-Tamiz-20-Mayo-2019-1024x830.jpg 1024w, https:\/\/amigosmetabolicos.org\/wp-content\/uploads\/2019\/05\/AMAM-Tamiz-20-Mayo-2019.jpg 1280w\" sizes=\"(max-width: 570px) 100vw, 570px\" \/><\/p>\n<p>&nbsp;<\/p>\n<p style=\"text-align: center;\"><strong>\u201cNo hay cometido m\u00e1s grande, ni recompensa m\u00e1s gratificante, que salvar la vida de un ni\u00f1o\u201d<\/strong><\/p>\n<p style=\"text-align: center;\">&nbsp;<\/p>\n<p style=\"text-align: center;\"><strong>Asociaci\u00f3n Mexicana de Amigos Metab\u00f3licos, A. C.<\/strong><br \/>\nDR AMAM MMXIX<\/p>\n","protected":false},"excerpt":{"rendered":"<p>La Asociaci\u00f3n Mexicana de Amigos Metab\u00f3licos, A. C. en representaci\u00f3n &nbsp;de la Red Nacional de la Prevenci\u00f3n de la Discapacidad RENAPRED, de la Asociaci\u00f3n Mexicana de Fibrosis Qu\u00edstica, de la Federaci\u00f3n Mexicana de Enfermedades Raras, FEMEXER, de la Alianza Iberoamericana de Enfermedades Raras ALIBER, de la Organizaci\u00f3n Mexicana de Enfermedades Raras OMER, Damos&nbsp; seguimiento al [&hellip;]<\/p>\n","protected":false},"author":1,"featured_media":4810,"comment_status":"closed","ping_status":"closed","sticky":false,"template":"","format":"standard","meta":{"ngg_post_thumbnail":0},"categories":[4],"tags":[119,106,79,12,13,15,118,82,104,62,90,105,117,59,51,120],"_links":{"self":[{"href":"https:\/\/amigosmetabolicos.org\/index.php?rest_route=\/wp\/v2\/posts\/4907"}],"collection":[{"href":"https:\/\/amigosmetabolicos.org\/index.php?rest_route=\/wp\/v2\/posts"}],"about":[{"href":"https:\/\/amigosmetabolicos.org\/index.php?rest_route=\/wp\/v2\/types\/post"}],"author":[{"embeddable":true,"href":"https:\/\/amigosmetabolicos.org\/index.php?rest_route=\/wp\/v2\/users\/1"}],"replies":[{"embeddable":true,"href":"https:\/\/amigosmetabolicos.org\/index.php?rest_route=%2Fwp%2Fv2%2Fcomments&post=4907"}],"version-history":[{"count":4,"href":"https:\/\/amigosmetabolicos.org\/index.php?rest_route=\/wp\/v2\/posts\/4907\/revisions"}],"predecessor-version":[{"id":4912,"href":"https:\/\/amigosmetabolicos.org\/index.php?rest_route=\/wp\/v2\/posts\/4907\/revisions\/4912"}],"wp:featuredmedia":[{"embeddable":true,"href":"https:\/\/amigosmetabolicos.org\/index.php?rest_route=\/wp\/v2\/media\/4810"}],"wp:attachment":[{"href":"https:\/\/amigosmetabolicos.org\/index.php?rest_route=%2Fwp%2Fv2%2Fmedia&parent=4907"}],"wp:term":[{"taxonomy":"category","embeddable":true,"href":"https:\/\/amigosmetabolicos.org\/index.php?rest_route=%2Fwp%2Fv2%2Fcategories&post=4907"},{"taxonomy":"post_tag","embeddable":true,"href":"https:\/\/amigosmetabolicos.org\/index.php?rest_route=%2Fwp%2Fv2%2Ftags&post=4907"}],"curies":[{"name":"wp","href":"https:\/\/api.w.org\/{rel}","templated":true}]}}