{"id":4888,"date":"2019-04-25T20:36:06","date_gmt":"2019-04-26T02:36:06","guid":{"rendered":"https:\/\/amigosmetabolicos.org\/?p=4888"},"modified":"2019-04-25T20:36:06","modified_gmt":"2019-04-26T02:36:06","slug":"26-de-abril-dia-mundial-de-las-personas-sin-diagnostico","status":"publish","type":"post","link":"https:\/\/amigosmetabolicos.org\/?p=4888","title":{"rendered":"26 de abril  D\u00cdA MUNDIAL DE LAS PERSONAS SIN DIAGN\u00d3STICO"},"content":{"rendered":"<div class=\"mtm _5pco\" data-ft=\"{&quot;tn&quot;:&quot;K&quot;}\">\n<h1 style=\"text-align: center;\">Hoy 26 de abril<\/h1>\n<h1 style=\"text-align: center;\">Celebramos el D\u00cdA MUNDIAL DE LAS PERSONAS SIN DIAGN\u00d3STICO<\/h1>\n<p style=\"text-align: center;\">&nbsp;<\/p>\n<h1 style=\"text-align: center;\">No tenemos diagn\u00f3stico, pero si necesidades<\/h1>\n<h1 style=\"text-align: center;\">\u00danete al d\u00eda y enviamos tu v\u00eddeo , comp\u00e1rtelo<\/h1>\n<p>&nbsp;<\/p>\n<p><img loading=\"lazy\" class=\"aligncenter size-medium wp-image-4889\" src=\"https:\/\/amigosmetabolicos.org\/wp-content\/uploads\/2019\/04\/Dia-Mundial-Personas-Sin-Diagnostico-570x403.jpg\" alt=\"\" width=\"570\" height=\"403\" srcset=\"https:\/\/amigosmetabolicos.org\/wp-content\/uploads\/2019\/04\/Dia-Mundial-Personas-Sin-Diagnostico-570x403.jpg 570w, https:\/\/amigosmetabolicos.org\/wp-content\/uploads\/2019\/04\/Dia-Mundial-Personas-Sin-Diagnostico-768x543.jpg 768w, https:\/\/amigosmetabolicos.org\/wp-content\/uploads\/2019\/04\/Dia-Mundial-Personas-Sin-Diagnostico-1024x724.jpg 1024w, https:\/\/amigosmetabolicos.org\/wp-content\/uploads\/2019\/04\/Dia-Mundial-Personas-Sin-Diagnostico.jpg 1123w\" sizes=\"(max-width: 570px) 100vw, 570px\" \/><\/p>\n<\/div>\n","protected":false},"excerpt":{"rendered":"<p>Hoy 26 de abril Celebramos el D\u00cdA MUNDIAL DE LAS PERSONAS SIN DIAGN\u00d3STICO &nbsp; No tenemos diagn\u00f3stico, pero si necesidades \u00danete al d\u00eda y enviamos tu v\u00eddeo , comp\u00e1rtelo &nbsp;<\/p>\n","protected":false},"author":1,"featured_media":0,"comment_status":"closed","ping_status":"closed","sticky":false,"template":"","format":"standard","meta":{"ngg_post_thumbnail":0},"categories":[4],"tags":[15,81,53,55,46,115,77,69,20,51,111,37,44],"_links":{"self":[{"href":"https:\/\/amigosmetabolicos.org\/index.php?rest_route=\/wp\/v2\/posts\/4888"}],"collection":[{"href":"https:\/\/amigosmetabolicos.org\/index.php?rest_route=\/wp\/v2\/posts"}],"about":[{"href":"https:\/\/amigosmetabolicos.org\/index.php?rest_route=\/wp\/v2\/types\/post"}],"author":[{"embeddable":true,"href":"https:\/\/amigosmetabolicos.org\/index.php?rest_route=\/wp\/v2\/users\/1"}],"replies":[{"embeddable":true,"href":"https:\/\/amigosmetabolicos.org\/index.php?rest_route=%2Fwp%2Fv2%2Fcomments&post=4888"}],"version-history":[{"count":4,"href":"https:\/\/amigosmetabolicos.org\/index.php?rest_route=\/wp\/v2\/posts\/4888\/revisions"}],"predecessor-version":[{"id":4895,"href":"https:\/\/amigosmetabolicos.org\/index.php?rest_route=\/wp\/v2\/posts\/4888\/revisions\/4895"}],"wp:attachment":[{"href":"https:\/\/amigosmetabolicos.org\/index.php?rest_route=%2Fwp%2Fv2%2Fmedia&parent=4888"}],"wp:term":[{"taxonomy":"category","embeddable":true,"href":"https:\/\/amigosmetabolicos.org\/index.php?rest_route=%2Fwp%2Fv2%2Fcategories&post=4888"},{"taxonomy":"post_tag","embeddable":true,"href":"https:\/\/amigosmetabolicos.org\/index.php?rest_route=%2Fwp%2Fv2%2Ftags&post=4888"}],"curies":[{"name":"wp","href":"https:\/\/api.w.org\/{rel}","templated":true}]}}