{"id":4789,"date":"2019-03-29T19:38:44","date_gmt":"2019-03-30T01:38:44","guid":{"rendered":"https:\/\/amigosmetabolicos.org\/?p=4789"},"modified":"2019-03-30T12:03:05","modified_gmt":"2019-03-30T18:03:05","slug":"reunion-en-secretaria-de-salud-situacion-tamiz-en-mexico-29-marzo-2019","status":"publish","type":"post","link":"https:\/\/amigosmetabolicos.org\/?p=4789","title":{"rendered":"REUNI\u00d3N EN SECRETARIA DE SALUD SITUACI\u00d3N TAMIZ EN M\u00c9XICO 29 MARZO 2019"},"content":{"rendered":"<h1>LA ASOCIACI\u00d3N MEXICANA DE AMIGOS METAB\u00d3LICOS, A. C. &nbsp;INFORMA:<\/h1>\n<p>&nbsp;<\/p>\n<p>Ante la emergencia sobre la situaci\u00f3n del TAMIZ EN M\u00c9XICO<\/p>\n<p>&nbsp;<\/p>\n<p>En audiencia con el Doctor Hugo L\u00f3pez-Gatell Ram\u00edrez, Subsecretario de Prevenci\u00f3n y Promoci\u00f3n de la Salud, y su equipo conformado por el Dr. Marcos Cantero Cort\u00e9s, Coordinador de Asesores del Secretario de Salud; Dr. Ricardo Cort\u00e9s Alcal\u00e1, Director General de Promoci\u00f3n de la Salud;<\/p>\n<p>&nbsp;<\/p>\n<p><img loading=\"lazy\" class=\"aligncenter size-medium wp-image-4790\" src=\"https:\/\/amigosmetabolicos.org\/wp-content\/uploads\/2019\/03\/AMAM-XNMM-Secretar\u00eda-de-Salud-570x320.jpg\" alt=\"\" width=\"570\" height=\"320\" srcset=\"https:\/\/amigosmetabolicos.org\/wp-content\/uploads\/2019\/03\/AMAM-XNMM-Secretar\u00eda-de-Salud-570x320.jpg 570w, https:\/\/amigosmetabolicos.org\/wp-content\/uploads\/2019\/03\/AMAM-XNMM-Secretar\u00eda-de-Salud-768x432.jpg 768w, https:\/\/amigosmetabolicos.org\/wp-content\/uploads\/2019\/03\/AMAM-XNMM-Secretar\u00eda-de-Salud-1024x576.jpg 1024w, https:\/\/amigosmetabolicos.org\/wp-content\/uploads\/2019\/03\/AMAM-XNMM-Secretar\u00eda-de-Salud.jpg 1366w\" sizes=\"(max-width: 570px) 100vw, 570px\" \/><\/p>\n<p>&nbsp;<\/p>\n<p>Lic. M\u00f3nica Mieres Hermosillo, Titular de la Unidad Coordinadora de Vinculaci\u00f3n y Participaci\u00f3n Social de Secretaria de Salud, les expusimos nuestra gran preocupaci\u00f3n por la Suspensi\u00f3n del Tamiz, que es llevado a cabo en Centro Nacional de Equidad de G\u00e9nero y Salud Reproductiva de Secretaria de Salud que cubre un mill\u00f3n doscientos mil reci\u00e9n nacidos a nivel Nacional al a\u00f1o. Por m\u00e1s de una hora veinte minutos le expresamos&nbsp; nuestra inconformidad.<\/p>\n<p>&nbsp;<\/p>\n<p>Esta nueva administraci\u00f3n debe asegurar la salud de los mexicanos y &nbsp;que el Tamiz contin\u00fae con la implementaci\u00f3n de un PROGRAMA y no de una prueba de Tamiz Neonatal, aspirando a que este abarque un mayor n\u00famero de padecimientos, que sin lugar a dudas, son importante causa de discapacidad y muerte en nuestro pa\u00eds.<\/p>\n<p>&nbsp;<\/p>\n<p>El doctor Hugo L\u00f3pez-Gatell Ram\u00edrez reconoce que la Salud es el mayor tesoro que podemos tener como seres humanos, su compromiso y responsabilidad ante esta situaci\u00f3n es absoluta.&nbsp; Con gran preocupaci\u00f3n y sensible ante esta emergencia, nos inform\u00f3 que reanudar\u00e1 con la mayor inmediatez la aplicaci\u00f3n del Tamiz, &nbsp;Las muestras de poblaci\u00f3n abierta se procesaran en las Instituciones de Salud como el Instituto Mexicano del Seguro Social IMSS.<\/p>\n<p>La Secretar\u00eda revisa el proceso de licitaci\u00f3n, adquisici\u00f3n y desempe\u00f1o de los servicios de tamiz metab\u00f3lico neonatal contratados durante la administraci\u00f3n anterior.<\/p>\n<p>&nbsp;<\/p>\n<p>Se ha contemplado un plan de contingencia con la colaboraci\u00f3n de las instituciones del Sector Salud para realizar sin interrupci\u00f3n el servicio de tamizaje metab\u00f3lico neonatal.<\/p>\n<p>&nbsp;<\/p>\n<p>AMIGOS METAB\u00d3LICOS<\/p>\n","protected":false},"excerpt":{"rendered":"<p>LA ASOCIACI\u00d3N MEXICANA DE AMIGOS METAB\u00d3LICOS, A. C. &nbsp;INFORMA: &nbsp; Ante la emergencia sobre la situaci\u00f3n del TAMIZ EN M\u00c9XICO &nbsp; En audiencia con el Doctor Hugo L\u00f3pez-Gatell Ram\u00edrez, Subsecretario de Prevenci\u00f3n y Promoci\u00f3n de la Salud, y su equipo conformado por el Dr. Marcos Cantero Cort\u00e9s, Coordinador de Asesores del Secretario de Salud; Dr. [&hellip;]<\/p>\n","protected":false},"author":1,"featured_media":4790,"comment_status":"closed","ping_status":"closed","sticky":false,"template":"","format":"standard","meta":{"ngg_post_thumbnail":0},"categories":[4],"tags":[79,74,12,13,15,82,81,53,46,80,47,19,77,69,20,66,86,62,87,65,88,45,51,37,44],"_links":{"self":[{"href":"https:\/\/amigosmetabolicos.org\/index.php?rest_route=\/wp\/v2\/posts\/4789"}],"collection":[{"href":"https:\/\/amigosmetabolicos.org\/index.php?rest_route=\/wp\/v2\/posts"}],"about":[{"href":"https:\/\/amigosmetabolicos.org\/index.php?rest_route=\/wp\/v2\/types\/post"}],"author":[{"embeddable":true,"href":"https:\/\/amigosmetabolicos.org\/index.php?rest_route=\/wp\/v2\/users\/1"}],"replies":[{"embeddable":true,"href":"https:\/\/amigosmetabolicos.org\/index.php?rest_route=%2Fwp%2Fv2%2Fcomments&post=4789"}],"version-history":[{"count":6,"href":"https:\/\/amigosmetabolicos.org\/index.php?rest_route=\/wp\/v2\/posts\/4789\/revisions"}],"predecessor-version":[{"id":4804,"href":"https:\/\/amigosmetabolicos.org\/index.php?rest_route=\/wp\/v2\/posts\/4789\/revisions\/4804"}],"wp:featuredmedia":[{"embeddable":true,"href":"https:\/\/amigosmetabolicos.org\/index.php?rest_route=\/wp\/v2\/media\/4790"}],"wp:attachment":[{"href":"https:\/\/amigosmetabolicos.org\/index.php?rest_route=%2Fwp%2Fv2%2Fmedia&parent=4789"}],"wp:term":[{"taxonomy":"category","embeddable":true,"href":"https:\/\/amigosmetabolicos.org\/index.php?rest_route=%2Fwp%2Fv2%2Fcategories&post=4789"},{"taxonomy":"post_tag","embeddable":true,"href":"https:\/\/amigosmetabolicos.org\/index.php?rest_route=%2Fwp%2Fv2%2Ftags&post=4789"}],"curies":[{"name":"wp","href":"https:\/\/api.w.org\/{rel}","templated":true}]}}