{"id":4513,"date":"2018-02-26T20:54:46","date_gmt":"2018-02-27T02:54:46","guid":{"rendered":"https:\/\/amigosmetabolicos.org\/?p=4513"},"modified":"2018-02-26T21:27:43","modified_gmt":"2018-02-27T03:27:43","slug":"videos-foro-dia-mundial-de-las-enfermedades-raras-o-poco-frecuentes-2018","status":"publish","type":"post","link":"https:\/\/amigosmetabolicos.org\/?p=4513","title":{"rendered":"Videos Foro \u201cD\u00eda Mundial de las Enfermedades Raras o Poco Frecuentes 2018\u201d"},"content":{"rendered":"<h1 style=\"text-align: center;\">Foro<\/h1>\n<h1 style=\"text-align: center;\">\u201cD\u00eda Mundial de las Enfermedades Raras o Poco Frecuentes 2018\u201d<\/h1>\n<p>&nbsp;<\/p>\n<p>Dr Pablo Kuri Foro \u00abD\u00eda Mundial de las Enfermedades Raras o Poco Frecuentes 2018\u201d<\/p>\n<div class=\"video-container\"><iframe loading=\"lazy\" width=\"790\" height=\"444\" src=\"https:\/\/www.youtube.com\/embed\/6oGAhnpFv1A?feature=oembed\" frameborder=\"0\" allow=\"autoplay; encrypted-media\" allowfullscreen><\/iframe><\/div>\n<p>&nbsp;<\/p>\n<p>Xochitl Mendoza Foro \u00abD\u00eda Mundial de las Enfermedades Raras o Poco Frecuentes 2018\u201d<\/p>\n<div class=\"video-container\"><iframe loading=\"lazy\" width=\"790\" height=\"444\" src=\"https:\/\/www.youtube.com\/embed\/2HO6dzFlSIo?feature=oembed\" frameborder=\"0\" allow=\"autoplay; encrypted-media\" allowfullscreen><\/iframe><\/div>\n<p>&nbsp;<\/p>\n<p>Lic. Juan Carlos C\u00f3rdova Foro \u00abD\u00eda Mundial de las Enfermedades Raras o Poco Frecuentes 2018\u201d<\/p>\n<div class=\"video-container\"><iframe loading=\"lazy\" width=\"790\" height=\"444\" src=\"https:\/\/www.youtube.com\/embed\/utJkotnyCA4?feature=oembed\" frameborder=\"0\" allow=\"autoplay; encrypted-media\" allowfullscreen><\/iframe><\/div>\n<p>&nbsp;<\/p>\n<p>Dip Alejandra Reynoso Foro \u00abD\u00eda Mundial de las Enfermedades Raras o Poco Frecuentes 2018\u201d<\/p>\n<div class=\"video-container\"><iframe loading=\"lazy\" width=\"790\" height=\"444\" src=\"https:\/\/www.youtube.com\/embed\/2nSBPm2DnXo?feature=oembed\" frameborder=\"0\" allow=\"autoplay; encrypted-media\" allowfullscreen><\/iframe><\/div>\n<p>&nbsp;<\/p>\n<p>Mtra Rosa Ma Galindo Foro \u00abD\u00eda Mundial de las Enfermedades Raras o Poco Frecuentes 2018\u201d<\/p>\n<div class=\"video-container\"><iframe loading=\"lazy\" width=\"790\" height=\"444\" src=\"https:\/\/www.youtube.com\/embed\/NVu7wlIMKPY?feature=oembed\" frameborder=\"0\" allow=\"autoplay; encrypted-media\" allowfullscreen><\/iframe><\/div>\n<p>&nbsp;<\/p>\n<p>QFB Martha Elva P\u00e9rez Foro \u00abD\u00eda Mundial de las Enfermedades Raras o Poco Frecuentes 2018\u201d<\/p>\n<div class=\"video-container\"><iframe loading=\"lazy\" width=\"790\" height=\"444\" src=\"https:\/\/www.youtube.com\/embed\/9uYEGuDUxK8?feature=oembed\" frameborder=\"0\" allow=\"autoplay; encrypted-media\" allowfullscreen><\/iframe><\/div>\n<p>&nbsp;<\/p>\n<p>Pres\u00eddium Foro \u00abD\u00eda Mundial de las Enfermedades Raras o Poco Frecuentes 2018\u201d<\/p>\n<div class=\"video-container\"><iframe loading=\"lazy\" width=\"790\" height=\"444\" src=\"https:\/\/www.youtube.com\/embed\/PGmZMXFJLnM?feature=oembed\" frameborder=\"0\" allow=\"autoplay; encrypted-media\" allowfullscreen><\/iframe><\/div>\n<p>&nbsp;<\/p>\n<p>Rese\u00f1a Foro \u00abD\u00eda Mundial de las Enfermedades Raras o Poco Frecuentes 2018\u201d<\/p>\n<div class=\"video-container\"><iframe loading=\"lazy\" width=\"790\" height=\"444\" src=\"https:\/\/www.youtube.com\/embed\/EhhqlzIGvvs?feature=oembed\" frameborder=\"0\" allow=\"autoplay; encrypted-media\" allowfullscreen><\/iframe><\/div>\n<p>&nbsp;<\/p>\n<p>Agradecemos a la Secretar\u00eda de Salud, a la Unidad Coordinadora de Vinculaci\u00f3n y Participaci\u00f3n Social, a la Subsecretar\u00eda de Prevenci\u00f3n y Promoci\u00f3n de la Salud, al Consejo de Salubridad General, al Centro Nacional de Equidad de G\u00e9nero y Salud Reproductiva, al ISSSTE, al IMSS, a nuestras querida doctoras Laura Elia Mart\u00ednez de Villarreal y Martha Elva P\u00e9rez, a los maestros y estudiantes de la Escuela Superior de Medicina del Instituto Polit\u00e9cnico nacional, a los medios de comunicaci\u00f3n por su cobertura y difusi\u00f3n, a todos nuestros ponentes e invitados, por su colaboraci\u00f3n y participaci\u00f3n en la realizaci\u00f3n de este evento tan importante.<\/p>\n<p>Cabe resaltar que el evento fue todo un \u00e9xito y logramos nuestros objetivos, la Asociaci\u00f3n Mexicana de Amigos Metab\u00f3licos, A. C. seguir\u00e1 trabajando en beneficio de nuestros Amigos Metab\u00f3licos de M\u00e9xico.<\/p>\n<p>&nbsp;<\/p>\n<p style=\"text-align: center;\"><strong>Xochitl N. Mendoza Morales<\/strong><\/p>\n<p style=\"text-align: center;\">&nbsp;<\/p>\n<p style=\"text-align: center;\">&nbsp;<\/p>\n<p style=\"text-align: center;\"><span style=\"color: #999999;\"><strong>\u201cLa Investigaci\u00f3n es la Respuesta\u201d<\/strong><\/span><\/p>\n<p style=\"text-align: center;\">&nbsp;<\/p>\n<p style=\"text-align: center;\"><span style=\"color: #99cc00;\">\u201cNo hay cometido m\u00e1s grande, ni recompensa m\u00e1s gratificante, que salvar la vida de un ni\u00f1o\u201d<\/span><\/p>\n<p style=\"text-align: center;\">&nbsp;<\/p>\n<p style=\"text-align: center;\"><strong>Asociaci\u00f3n Mexicana de Amigos Metab\u00f3licos, A. C.<\/strong><br \/>\nDR AMAM MMXVIII<\/p>\n","protected":false},"excerpt":{"rendered":"<p>Foro \u201cD\u00eda Mundial de las Enfermedades Raras o Poco Frecuentes 2018\u201d &nbsp; Dr Pablo Kuri Foro \u00abD\u00eda Mundial de las Enfermedades Raras o Poco Frecuentes 2018\u201d &nbsp; Xochitl Mendoza Foro \u00abD\u00eda Mundial de las Enfermedades Raras o Poco Frecuentes 2018\u201d &nbsp; Lic. Juan Carlos C\u00f3rdova Foro \u00abD\u00eda Mundial de las Enfermedades Raras o Poco Frecuentes [&hellip;]<\/p>\n","protected":false},"author":1,"featured_media":0,"comment_status":"closed","ping_status":"closed","sticky":false,"template":"","format":"standard","meta":{"ngg_post_thumbnail":0},"categories":[4],"tags":[],"_links":{"self":[{"href":"https:\/\/amigosmetabolicos.org\/index.php?rest_route=\/wp\/v2\/posts\/4513"}],"collection":[{"href":"https:\/\/amigosmetabolicos.org\/index.php?rest_route=\/wp\/v2\/posts"}],"about":[{"href":"https:\/\/amigosmetabolicos.org\/index.php?rest_route=\/wp\/v2\/types\/post"}],"author":[{"embeddable":true,"href":"https:\/\/amigosmetabolicos.org\/index.php?rest_route=\/wp\/v2\/users\/1"}],"replies":[{"embeddable":true,"href":"https:\/\/amigosmetabolicos.org\/index.php?rest_route=%2Fwp%2Fv2%2Fcomments&post=4513"}],"version-history":[{"count":4,"href":"https:\/\/amigosmetabolicos.org\/index.php?rest_route=\/wp\/v2\/posts\/4513\/revisions"}],"predecessor-version":[{"id":4517,"href":"https:\/\/amigosmetabolicos.org\/index.php?rest_route=\/wp\/v2\/posts\/4513\/revisions\/4517"}],"wp:attachment":[{"href":"https:\/\/amigosmetabolicos.org\/index.php?rest_route=%2Fwp%2Fv2%2Fmedia&parent=4513"}],"wp:term":[{"taxonomy":"category","embeddable":true,"href":"https:\/\/amigosmetabolicos.org\/index.php?rest_route=%2Fwp%2Fv2%2Fcategories&post=4513"},{"taxonomy":"post_tag","embeddable":true,"href":"https:\/\/amigosmetabolicos.org\/index.php?rest_route=%2Fwp%2Fv2%2Ftags&post=4513"}],"curies":[{"name":"wp","href":"https:\/\/api.w.org\/{rel}","templated":true}]}}