{"id":2870,"date":"2014-11-18T17:10:59","date_gmt":"2014-11-18T23:10:59","guid":{"rendered":"http:\/\/www.amigosmetabolicos.org\/?p=2870"},"modified":"2014-11-18T17:59:01","modified_gmt":"2014-11-18T23:59:01","slug":"1er-foro-mundial-renapred-24-al-28-noviembre-2014","status":"publish","type":"post","link":"https:\/\/amigosmetabolicos.org\/?p=2870","title":{"rendered":"1er Foro Mundial Renapred 24 al 28 Noviembre 2014"},"content":{"rendered":"<p style=\"text-align: center;\"><a href=\"http:\/\/renapred.org.mx\/foromundial\/index.html\"><img loading=\"lazy\" class=\" wp-image-2882 aligncenter\" title=\"cartel foro mundial\" src=\"http:\/\/www.amigosmetabolicos.org\/wp-content\/uploads\/2014\/11\/cartel-foro-mundial.jpg\" alt=\"\" width=\"425\" height=\"638\" \/><\/a><\/p>\n<p>&nbsp;<\/p>\n<h2><strong>Amigos\u00a0 Metab\u00f3licos estar\u00e1 presente en el 1er foro Mundial RENAPRED que se celebrar\u00e1 del 24 al 28 de noviembre de 2014.<\/strong><\/h2>\n<p align=\"center\"><span style=\"color: #339900;\"><strong>\u00a0\u201cNo hay cometido m\u00e1s grande, ni recompensa m\u00e1s gratificante, que salvar la vida de un ni\u00f1o\u201d<\/strong><\/span><strong><\/strong><\/p>\n<h2 align=\"center\"><strong>Asociaci\u00f3n\u00a0 Mexicana\u00a0 de\u00a0 Amigos\u00a0 Metab\u00f3licos,\u00a0 A.\u00a0 C.<\/strong><\/h2>\n<p align=\"center\"><strong>DR AMAM MMXIV<\/strong><\/p>\n<p>&nbsp;<\/p>\n<p>&nbsp;<\/p>\n","protected":false},"excerpt":{"rendered":"<p>&nbsp; Amigos\u00a0 Metab\u00f3licos estar\u00e1 presente en el 1er foro Mundial RENAPRED que se celebrar\u00e1 del 24 al 28 de noviembre de 2014. \u00a0\u201cNo hay cometido m\u00e1s grande, ni recompensa m\u00e1s gratificante, que salvar la vida de un ni\u00f1o\u201d Asociaci\u00f3n\u00a0 Mexicana\u00a0 de\u00a0 Amigos\u00a0 Metab\u00f3licos,\u00a0 A.\u00a0 C. DR AMAM MMXIV &nbsp; &nbsp;<\/p>\n","protected":false},"author":4,"featured_media":0,"comment_status":"closed","ping_status":"closed","sticky":false,"template":"","format":"standard","meta":{"ngg_post_thumbnail":0},"categories":[4,5],"tags":[12,13,53,55,46,48,17,52,54,26,57,56,59],"_links":{"self":[{"href":"https:\/\/amigosmetabolicos.org\/index.php?rest_route=\/wp\/v2\/posts\/2870"}],"collection":[{"href":"https:\/\/amigosmetabolicos.org\/index.php?rest_route=\/wp\/v2\/posts"}],"about":[{"href":"https:\/\/amigosmetabolicos.org\/index.php?rest_route=\/wp\/v2\/types\/post"}],"author":[{"embeddable":true,"href":"https:\/\/amigosmetabolicos.org\/index.php?rest_route=\/wp\/v2\/users\/4"}],"replies":[{"embeddable":true,"href":"https:\/\/amigosmetabolicos.org\/index.php?rest_route=%2Fwp%2Fv2%2Fcomments&post=2870"}],"version-history":[{"count":14,"href":"https:\/\/amigosmetabolicos.org\/index.php?rest_route=\/wp\/v2\/posts\/2870\/revisions"}],"predecessor-version":[{"id":2881,"href":"https:\/\/amigosmetabolicos.org\/index.php?rest_route=\/wp\/v2\/posts\/2870\/revisions\/2881"}],"wp:attachment":[{"href":"https:\/\/amigosmetabolicos.org\/index.php?rest_route=%2Fwp%2Fv2%2Fmedia&parent=2870"}],"wp:term":[{"taxonomy":"category","embeddable":true,"href":"https:\/\/amigosmetabolicos.org\/index.php?rest_route=%2Fwp%2Fv2%2Fcategories&post=2870"},{"taxonomy":"post_tag","embeddable":true,"href":"https:\/\/amigosmetabolicos.org\/index.php?rest_route=%2Fwp%2Fv2%2Ftags&post=2870"}],"curies":[{"name":"wp","href":"https:\/\/api.w.org\/{rel}","templated":true}]}}