{"id":2608,"date":"2014-09-25T21:05:29","date_gmt":"2014-09-26T03:05:29","guid":{"rendered":"http:\/\/www.amigosmetabolicos.org\/?p=2608"},"modified":"2014-09-30T08:35:45","modified_gmt":"2014-09-30T14:35:45","slug":"diputada-carla-alicia-padilla-ramos","status":"publish","type":"post","link":"https:\/\/amigosmetabolicos.org\/?p=2608","title":{"rendered":"Diputada Carla Alicia Padilla Ramos"},"content":{"rendered":"<p style=\"text-align: center;\">\u00a0<img loading=\"lazy\" class=\"aligncenter  wp-image-2613\" title=\"AMAM - Dip Carla Padilla 001\" src=\"http:\/\/www.amigosmetabolicos.org\/wp-content\/uploads\/2014\/09\/AMAM-Dip-Carla-Padilla-001.jpg\" alt=\"\" width=\"360\" height=\"540\" \/><\/p>\n<p>&nbsp;<\/p>\n<h2 style=\"text-align: justify;\">La Asociaci\u00f3n Mexicana de Amigos Metab\u00f3licos, A. C. agradece a la Diputada Carla Alicia Padilla Ramos del Grupo Parlamentario del Partido Verde Ecologista de M\u00e9xico y Secretaria de la Comisi\u00f3n del Salud de la H. C\u00e1mara de Diputados, por todo el apoyo recibido para la realizaci\u00f3n del Foro Legislativo Internacional \u00abDesafi\u00f3 Nacional para tener un Tamiz Neonatal Digno\u00bb.<\/h2>\n<h2 style=\"text-align: justify;\"><\/h2>\n<h2 style=\"text-align: justify;\">La Diputada Carla Padilla desde su posici\u00f3n gestion\u00f3 y coordin\u00f3 las diferentes acciones para llevar a cabo este importante evento que logr\u00f3 reunir a los M\u00e9dicos Expertos, a tomadores de decisiones de Secretaria de Salud y a la comisi\u00f3n de Salud de H. C\u00e1mara de Diputados, para mostrarles la situaci\u00f3n actual del Tamiz Neonatal en M\u00e9xico y la necesidad de ampliarlo a Nivel Nacional en beneficio de la ni\u00f1ez mexicana.<\/h2>\n<h2 style=\"text-align: justify;\"><\/h2>\n<h2 style=\"text-align: justify;\">Estamos seguros que el \u00e9xito de este Foro Legislativo Internacional, tendr\u00e1 eco en los legisladores encargados de impulsar las diferentes leyes y condiciones para lograr un Tamiz Neonatal Ampliado y Digno.<\/h2>\n<h2 style=\"text-align: justify;\"><\/h2>\n<h2 style=\"text-align: justify;\">A nombre de nuestros Ni\u00f1os y Amigos Metab\u00f3licos del Pa\u00eds, le agradecemos su apoyo y\u00a0compromiso.<\/h2>\n<h2 style=\"text-align: justify;\"><\/h2>\n<h2 style=\"text-align: justify;\">Xochitl Noemi Mendoza Morales<\/h2>\n<h2 style=\"text-align: justify;\">Presidente de AMAM<\/h2>\n<p>&nbsp;<\/p>\n<h1 style=\"text-align: center;\"><span style=\"color: #339900;\"><strong>\u201cNo hay cometido m\u00e1s grande, ni recompensa m\u00e1s gratificante,<\/strong><\/span><\/h1>\n<h1 style=\"text-align: center;\"><span style=\"color: #339900;\"><strong>que salvar la vida de un ni\u00f1o\u201d<\/strong><\/span><\/h1>\n<h2 style=\"text-align: center;\"><\/h2>\n<h1 style=\"text-align: center;\">Asociaci\u00f3n\u00a0 Mexicana\u00a0 de\u00a0 Amigos\u00a0 Metab\u00f3licos,\u00a0 A.\u00a0 C.<\/h1>\n<h6 style=\"text-align: center;\">DR AMAM MMXIV<\/h6>\n<p>&nbsp;<\/p>\n","protected":false},"excerpt":{"rendered":"<p>\u00a0 &nbsp; La Asociaci\u00f3n Mexicana de Amigos Metab\u00f3licos, A. C. agradece a la Diputada Carla Alicia Padilla Ramos del Grupo Parlamentario del Partido Verde Ecologista de M\u00e9xico y Secretaria de la Comisi\u00f3n del Salud de la H. C\u00e1mara de Diputados, por todo el apoyo recibido para la realizaci\u00f3n del Foro Legislativo Internacional \u00abDesafi\u00f3 Nacional para [&hellip;]<\/p>\n","protected":false},"author":4,"featured_media":2613,"comment_status":"closed","ping_status":"closed","sticky":false,"template":"","format":"standard","meta":{"ngg_post_thumbnail":0},"categories":[4,5,6,32],"tags":[],"_links":{"self":[{"href":"https:\/\/amigosmetabolicos.org\/index.php?rest_route=\/wp\/v2\/posts\/2608"}],"collection":[{"href":"https:\/\/amigosmetabolicos.org\/index.php?rest_route=\/wp\/v2\/posts"}],"about":[{"href":"https:\/\/amigosmetabolicos.org\/index.php?rest_route=\/wp\/v2\/types\/post"}],"author":[{"embeddable":true,"href":"https:\/\/amigosmetabolicos.org\/index.php?rest_route=\/wp\/v2\/users\/4"}],"replies":[{"embeddable":true,"href":"https:\/\/amigosmetabolicos.org\/index.php?rest_route=%2Fwp%2Fv2%2Fcomments&post=2608"}],"version-history":[{"count":12,"href":"https:\/\/amigosmetabolicos.org\/index.php?rest_route=\/wp\/v2\/posts\/2608\/revisions"}],"predecessor-version":[{"id":2635,"href":"https:\/\/amigosmetabolicos.org\/index.php?rest_route=\/wp\/v2\/posts\/2608\/revisions\/2635"}],"wp:featuredmedia":[{"embeddable":true,"href":"https:\/\/amigosmetabolicos.org\/index.php?rest_route=\/wp\/v2\/media\/2613"}],"wp:attachment":[{"href":"https:\/\/amigosmetabolicos.org\/index.php?rest_route=%2Fwp%2Fv2%2Fmedia&parent=2608"}],"wp:term":[{"taxonomy":"category","embeddable":true,"href":"https:\/\/amigosmetabolicos.org\/index.php?rest_route=%2Fwp%2Fv2%2Fcategories&post=2608"},{"taxonomy":"post_tag","embeddable":true,"href":"https:\/\/amigosmetabolicos.org\/index.php?rest_route=%2Fwp%2Fv2%2Ftags&post=2608"}],"curies":[{"name":"wp","href":"https:\/\/api.w.org\/{rel}","templated":true}]}}