{"id":2606,"date":"2014-08-14T21:02:26","date_gmt":"2014-08-15T03:02:26","guid":{"rendered":"http:\/\/www.amigosmetabolicos.org\/?p=2606"},"modified":"2014-09-30T08:59:45","modified_gmt":"2014-09-30T14:59:45","slug":"reunion-secretaria-de-salud-dr-pablo-kuri-13-agosto-2014","status":"publish","type":"post","link":"https:\/\/amigosmetabolicos.org\/?p=2606","title":{"rendered":"Reuni\u00f3n en la Secretar\u00eda de Salud &#8211; Dr. Pablo Kuri Morales   y   Dr. Ricardo Juan Garc\u00eda Cavazos 13 y 28 Agosto 2014"},"content":{"rendered":"<p style=\"text-align: center;\">\u00a0<img loading=\"lazy\" class=\"aligncenter  wp-image-2612\" title=\"AMAM - Dr Kuri XMM 001\" src=\"http:\/\/www.amigosmetabolicos.org\/wp-content\/uploads\/2014\/09\/AMAM-Dr-Kuri-XMM-001.jpg\" alt=\"\" width=\"540\" height=\"266\" \/><\/p>\n<p>&nbsp;<\/p>\n<h2 style=\"text-align: justify;\">La Asociaci\u00f3n de Amigos Metab\u00f3licos mediante su representante la C. Xochitl Noemi Mendoza Morales, mantuvo una reuni\u00f3n con el doctor Pablo Kuri Morales, Subsecretario de Prevenci\u00f3n y Promoci\u00f3n de la Salud y el doctor Ricardo Juan Garc\u00eda Cavazos, Director General del Centro Nacional de Equidad de G\u00e9nero y Salud Reproductiva, para conocer las estrategias que la Secretaria de Salud est\u00e1 realizando actualmente en torno al Tamiz Neonatal Ampliado.<\/h2>\n<h2 style=\"text-align: justify;\"><img loading=\"lazy\" class=\"aligncenter size-medium wp-image-2789\" title=\"AMAM -Dr Cavazos XMM 01\" src=\"http:\/\/www.amigosmetabolicos.org\/wp-content\/uploads\/2014\/09\/AMAM-Dr-Cavazos-XMM-01-570x281.jpg\" alt=\"\" width=\"570\" height=\"281\" srcset=\"https:\/\/amigosmetabolicos.org\/wp-content\/uploads\/2014\/09\/AMAM-Dr-Cavazos-XMM-01-570x281.jpg 570w, https:\/\/amigosmetabolicos.org\/wp-content\/uploads\/2014\/09\/AMAM-Dr-Cavazos-XMM-01.jpg 995w\" sizes=\"(max-width: 570px) 100vw, 570px\" \/><\/h2>\n<h2 style=\"text-align: justify;\">Adem\u00e1s, de presentarles el programa del\u00a0Foro Legislativo Internacional \u00abDesafi\u00f3 Nacional para tener un Tamiz Neonatal Digno\u00bb que conjuntamente se organiz\u00f3 con la H. C\u00e1mara de Diputados y extenderles nuestra cordial invitaci\u00f3n.<\/h2>\n<h2 style=\"text-align: justify;\"><\/h2>\n<h2 style=\"text-align: justify;\">Contamos con la disposici\u00f3n de la Secretaria de Salud para realizar algunas propuestas que nuestra organizaci\u00f3n presentar\u00e1 a la Comisi\u00f3n del Salud de la H. C\u00e1mara de Diputados, presidida por el Diputado Mario A. D\u00e1vila Delgado, para fortalecer un Programa de Tamiz Neonatal Digno a Nivel Nacional.<\/h2>\n<h3 style=\"text-align: justify;\"><\/h3>\n<h1 style=\"text-align: center;\"><span style=\"color: #339900;\"><strong>\u201cNo hay cometido m\u00e1s grande, ni recompensa m\u00e1s gratificante,<\/strong><\/span><\/h1>\n<h1 style=\"text-align: center;\"><span style=\"color: #339900;\"><strong>que salvar la vida de un ni\u00f1o\u201d<\/strong><\/span><\/h1>\n<h2 style=\"text-align: center;\"><\/h2>\n<h1 style=\"text-align: center;\">Asociaci\u00f3n\u00a0 Mexicana\u00a0 de\u00a0 Amigos\u00a0 Metab\u00f3licos,\u00a0 A.\u00a0 C.<\/h1>\n<h6 style=\"text-align: center;\">DR AMAM MMXIV<\/h6>\n","protected":false},"excerpt":{"rendered":"<p>\u00a0 &nbsp; La Asociaci\u00f3n de Amigos Metab\u00f3licos mediante su representante la C. Xochitl Noemi Mendoza Morales, mantuvo una reuni\u00f3n con el doctor Pablo Kuri Morales, Subsecretario de Prevenci\u00f3n y Promoci\u00f3n de la Salud y el doctor Ricardo Juan Garc\u00eda Cavazos, Director General del Centro Nacional de Equidad de G\u00e9nero y Salud Reproductiva, para conocer las [&hellip;]<\/p>\n","protected":false},"author":4,"featured_media":0,"comment_status":"closed","ping_status":"closed","sticky":false,"template":"","format":"standard","meta":{"ngg_post_thumbnail":0},"categories":[4,5,6,1,32],"tags":[],"_links":{"self":[{"href":"https:\/\/amigosmetabolicos.org\/index.php?rest_route=\/wp\/v2\/posts\/2606"}],"collection":[{"href":"https:\/\/amigosmetabolicos.org\/index.php?rest_route=\/wp\/v2\/posts"}],"about":[{"href":"https:\/\/amigosmetabolicos.org\/index.php?rest_route=\/wp\/v2\/types\/post"}],"author":[{"embeddable":true,"href":"https:\/\/amigosmetabolicos.org\/index.php?rest_route=\/wp\/v2\/users\/4"}],"replies":[{"embeddable":true,"href":"https:\/\/amigosmetabolicos.org\/index.php?rest_route=%2Fwp%2Fv2%2Fcomments&post=2606"}],"version-history":[{"count":18,"href":"https:\/\/amigosmetabolicos.org\/index.php?rest_route=\/wp\/v2\/posts\/2606\/revisions"}],"predecessor-version":[{"id":2787,"href":"https:\/\/amigosmetabolicos.org\/index.php?rest_route=\/wp\/v2\/posts\/2606\/revisions\/2787"}],"wp:attachment":[{"href":"https:\/\/amigosmetabolicos.org\/index.php?rest_route=%2Fwp%2Fv2%2Fmedia&parent=2606"}],"wp:term":[{"taxonomy":"category","embeddable":true,"href":"https:\/\/amigosmetabolicos.org\/index.php?rest_route=%2Fwp%2Fv2%2Fcategories&post=2606"},{"taxonomy":"post_tag","embeddable":true,"href":"https:\/\/amigosmetabolicos.org\/index.php?rest_route=%2Fwp%2Fv2%2Ftags&post=2606"}],"curies":[{"name":"wp","href":"https:\/\/api.w.org\/{rel}","templated":true}]}}