{"id":1933,"date":"2013-02-28T05:53:28","date_gmt":"2013-02-28T11:53:28","guid":{"rendered":"http:\/\/www.amigosmetabolicos.org\/?p=1933"},"modified":"2014-08-28T23:14:37","modified_gmt":"2014-08-29T05:14:37","slug":"simposio-dia-mundial-de-las-enferemedades-raras-2013-monterrey-n-l","status":"publish","type":"post","link":"https:\/\/amigosmetabolicos.org\/?p=1933","title":{"rendered":"Simposio \u00abD\u00eda Mundial de las Enferemedades Raras 2013\u00bb Monterrey, N. L."},"content":{"rendered":"<h2><img loading=\"lazy\" class=\"ngg-singlepic ngg-center aligncenter\" title=\"Xochitl Mendoza Presidente de Amigos Metab\u00f3licos, con el Secretario de Salud de Nuevo Le\u00f3n, el Dr. Jes\u00fas Zacar\u00edas Villarreal P\u00e9rez; acompa\u00f1ados del nuestro querido Dr. Antonio Vel\u00e1zquez Arellano.\" src=\"http:\/\/www.amigosmetabolicos.org\/wp-content\/gallery\/dia-mundial-de-las-enfermedades-raras-2013\/02-reconocimiento-dr-antonio-velazquez-arellano-dsc00778.jpg\" alt=\"Xochitl Mendoza Presidente de Amigos Metab\u00f3licos, con el Secretario de Salud de Nuevo Le\u00f3n, el Dr. Jes\u00fas Zacar\u00edas Villarreal P\u00e9rez; acompa\u00f1ados del nuestro querido Dr. Antonio Vel\u00e1zquez Arellano.\" width=\"597\" height=\"397\" \/><\/h2>\n<h2>\n\n<div class=\"ngg-galleryoverview ngg-slideshow\"\n\t id=\"ngg-slideshow-06ded2b58c2ab8aec2502908cfb68548-8947762000\"\n     data-gallery-id=\"06ded2b58c2ab8aec2502908cfb68548\"\n     style=\"max-width: 420px; max-height: 320px;\">\n\n \t<div id=\"ngg-image-0\" class=\"ngg-gallery-slideshow-image\" style=\"height:320px\">\n\n        <a href=\"https:\/\/amigosmetabolicos.org\/wp-content\/gallery\/dia-mundial-de-las-enfermedades-raras-2013\/00-diego-01-dsc00500.jpg\"\n           title=\"\"\n           data-src=\"https:\/\/amigosmetabolicos.org\/wp-content\/gallery\/dia-mundial-de-las-enfermedades-raras-2013\/00-diego-01-dsc00500.jpg\"\n           data-thumbnail=\"https:\/\/amigosmetabolicos.org\/wp-content\/gallery\/dia-mundial-de-las-enfermedades-raras-2013\/thumbs\/thumbs_00-diego-01-dsc00500.jpg\"\n           data-image-id=\"283\"\n           data-title=\"00-diego-01-dsc00500\"\n           data-description=\"\"\n           class='nggobasic-fancybox' rel='06ded2b58c2ab8aec2502908cfb68548'>\n\n            <img data-image-id='283'\n                 title=\"\"\n                 alt=\"00-diego-01-dsc00500\"\n                 src=\"https:\/\/amigosmetabolicos.org\/wp-content\/gallery\/dia-mundial-de-las-enfermedades-raras-2013\/00-diego-01-dsc00500.jpg\"\n                 style=\"max-height: 300px;\"\/>\n        <\/a>\n\n        <\/div> \n<div id=\"ngg-image-1\" class=\"ngg-gallery-slideshow-image\" style=\"height:320px\">\n\n        <a href=\"https:\/\/amigosmetabolicos.org\/wp-content\/gallery\/dia-mundial-de-las-enfermedades-raras-2013\/00-diego-emiliano-con-los-doctores-img_4527.jpg\"\n           title=\"\"\n           data-src=\"https:\/\/amigosmetabolicos.org\/wp-content\/gallery\/dia-mundial-de-las-enfermedades-raras-2013\/00-diego-emiliano-con-los-doctores-img_4527.jpg\"\n           data-thumbnail=\"https:\/\/amigosmetabolicos.org\/wp-content\/gallery\/dia-mundial-de-las-enfermedades-raras-2013\/thumbs\/thumbs_00-diego-emiliano-con-los-doctores-img_4527.jpg\"\n           data-image-id=\"284\"\n           data-title=\"00-diego-emiliano-con-los-doctores-img_4527\"\n           data-description=\"\"\n           class='nggobasic-fancybox' rel='06ded2b58c2ab8aec2502908cfb68548'>\n\n            <img data-image-id='284'\n                 title=\"\"\n                 alt=\"00-diego-emiliano-con-los-doctores-img_4527\"\n                 src=\"https:\/\/amigosmetabolicos.org\/wp-content\/gallery\/dia-mundial-de-las-enfermedades-raras-2013\/00-diego-emiliano-con-los-doctores-img_4527.jpg\"\n                 style=\"max-height: 300px;\"\/>\n        <\/a>\n\n        <\/div> \n<div id=\"ngg-image-2\" class=\"ngg-gallery-slideshow-image\" style=\"height:320px\">\n\n        <a href=\"https:\/\/amigosmetabolicos.org\/wp-content\/gallery\/dia-mundial-de-las-enfermedades-raras-2013\/00-xmm-y-dr-zacarias-dsc00512.jpg\"\n           title=\"\"\n           data-src=\"https:\/\/amigosmetabolicos.org\/wp-content\/gallery\/dia-mundial-de-las-enfermedades-raras-2013\/00-xmm-y-dr-zacarias-dsc00512.jpg\"\n           data-thumbnail=\"https:\/\/amigosmetabolicos.org\/wp-content\/gallery\/dia-mundial-de-las-enfermedades-raras-2013\/thumbs\/thumbs_00-xmm-y-dr-zacarias-dsc00512.jpg\"\n           data-image-id=\"285\"\n           data-title=\"00-xmm-y-dr-zacarias-dsc00512\"\n           data-description=\"\"\n           class='nggobasic-fancybox' rel='06ded2b58c2ab8aec2502908cfb68548'>\n\n            <img data-image-id='285'\n                 title=\"\"\n                 alt=\"00-xmm-y-dr-zacarias-dsc00512\"\n                 src=\"https:\/\/amigosmetabolicos.org\/wp-content\/gallery\/dia-mundial-de-las-enfermedades-raras-2013\/00-xmm-y-dr-zacarias-dsc00512.jpg\"\n                 style=\"max-height: 300px;\"\/>\n        <\/a>\n\n        <\/div> \n<div id=\"ngg-image-3\" class=\"ngg-gallery-slideshow-image\" style=\"height:320px\">\n\n        <a href=\"https:\/\/amigosmetabolicos.org\/wp-content\/gallery\/dia-mundial-de-las-enfermedades-raras-2013\/00-xmm-y-dr-zacarias-dsc00514.jpg\"\n           title=\"\"\n           data-src=\"https:\/\/amigosmetabolicos.org\/wp-content\/gallery\/dia-mundial-de-las-enfermedades-raras-2013\/00-xmm-y-dr-zacarias-dsc00514.jpg\"\n           data-thumbnail=\"https:\/\/amigosmetabolicos.org\/wp-content\/gallery\/dia-mundial-de-las-enfermedades-raras-2013\/thumbs\/thumbs_00-xmm-y-dr-zacarias-dsc00514.jpg\"\n           data-image-id=\"286\"\n           data-title=\"00-xmm-y-dr-zacarias-dsc00514\"\n           data-description=\"\"\n           class='nggobasic-fancybox' rel='06ded2b58c2ab8aec2502908cfb68548'>\n\n            <img data-image-id='286'\n                 title=\"\"\n                 alt=\"00-xmm-y-dr-zacarias-dsc00514\"\n                 src=\"https:\/\/amigosmetabolicos.org\/wp-content\/gallery\/dia-mundial-de-las-enfermedades-raras-2013\/00-xmm-y-dr-zacarias-dsc00514.jpg\"\n                 style=\"max-height: 300px;\"\/>\n        <\/a>\n\n        <\/div> \n<div id=\"ngg-image-4\" class=\"ngg-gallery-slideshow-image\" style=\"height:320px\">\n\n        <a href=\"https:\/\/amigosmetabolicos.org\/wp-content\/gallery\/dia-mundial-de-las-enfermedades-raras-2013\/01-bienvenida-dr-rafael-hernandez-flores-dsc00568.jpg\"\n           title=\"\"\n           data-src=\"https:\/\/amigosmetabolicos.org\/wp-content\/gallery\/dia-mundial-de-las-enfermedades-raras-2013\/01-bienvenida-dr-rafael-hernandez-flores-dsc00568.jpg\"\n           data-thumbnail=\"https:\/\/amigosmetabolicos.org\/wp-content\/gallery\/dia-mundial-de-las-enfermedades-raras-2013\/thumbs\/thumbs_01-bienvenida-dr-rafael-hernandez-flores-dsc00568.jpg\"\n           data-image-id=\"287\"\n           data-title=\"01-bienvenida-dr-rafael-hernandez-flores-dsc00568\"\n           data-description=\"\"\n           class='nggobasic-fancybox' rel='06ded2b58c2ab8aec2502908cfb68548'>\n\n            <img data-image-id='287'\n                 title=\"\"\n                 alt=\"01-bienvenida-dr-rafael-hernandez-flores-dsc00568\"\n                 src=\"https:\/\/amigosmetabolicos.org\/wp-content\/gallery\/dia-mundial-de-las-enfermedades-raras-2013\/01-bienvenida-dr-rafael-hernandez-flores-dsc00568.jpg\"\n                 style=\"max-height: 300px;\"\/>\n        <\/a>\n\n        <\/div> \n<div id=\"ngg-image-5\" class=\"ngg-gallery-slideshow-image\" style=\"height:320px\">\n\n        <a href=\"https:\/\/amigosmetabolicos.org\/wp-content\/gallery\/dia-mundial-de-las-enfermedades-raras-2013\/01-bienvenida-dr-rafael-hernandez-flores-dsc00569.jpg\"\n           title=\"\"\n           data-src=\"https:\/\/amigosmetabolicos.org\/wp-content\/gallery\/dia-mundial-de-las-enfermedades-raras-2013\/01-bienvenida-dr-rafael-hernandez-flores-dsc00569.jpg\"\n           data-thumbnail=\"https:\/\/amigosmetabolicos.org\/wp-content\/gallery\/dia-mundial-de-las-enfermedades-raras-2013\/thumbs\/thumbs_01-bienvenida-dr-rafael-hernandez-flores-dsc00569.jpg\"\n           data-image-id=\"288\"\n           data-title=\"01-bienvenida-dr-rafael-hernandez-flores-dsc00569\"\n           data-description=\"\"\n           class='nggobasic-fancybox' rel='06ded2b58c2ab8aec2502908cfb68548'>\n\n            <img data-image-id='288'\n                 title=\"\"\n                 alt=\"01-bienvenida-dr-rafael-hernandez-flores-dsc00569\"\n                 src=\"https:\/\/amigosmetabolicos.org\/wp-content\/gallery\/dia-mundial-de-las-enfermedades-raras-2013\/01-bienvenida-dr-rafael-hernandez-flores-dsc00569.jpg\"\n                 style=\"max-height: 300px;\"\/>\n        <\/a>\n\n        <\/div> \n<div id=\"ngg-image-6\" class=\"ngg-gallery-slideshow-image\" style=\"height:320px\">\n\n        <a href=\"https:\/\/amigosmetabolicos.org\/wp-content\/gallery\/dia-mundial-de-las-enfermedades-raras-2013\/01-bienvenida-dr-rafael-hernandez-flores-dscf3146.jpg\"\n           title=\"\"\n           data-src=\"https:\/\/amigosmetabolicos.org\/wp-content\/gallery\/dia-mundial-de-las-enfermedades-raras-2013\/01-bienvenida-dr-rafael-hernandez-flores-dscf3146.jpg\"\n           data-thumbnail=\"https:\/\/amigosmetabolicos.org\/wp-content\/gallery\/dia-mundial-de-las-enfermedades-raras-2013\/thumbs\/thumbs_01-bienvenida-dr-rafael-hernandez-flores-dscf3146.jpg\"\n           data-image-id=\"289\"\n           data-title=\"01-bienvenida-dr-rafael-hernandez-flores-dscf3146\"\n           data-description=\"\"\n           class='nggobasic-fancybox' rel='06ded2b58c2ab8aec2502908cfb68548'>\n\n            <img data-image-id='289'\n                 title=\"\"\n                 alt=\"01-bienvenida-dr-rafael-hernandez-flores-dscf3146\"\n                 src=\"https:\/\/amigosmetabolicos.org\/wp-content\/gallery\/dia-mundial-de-las-enfermedades-raras-2013\/01-bienvenida-dr-rafael-hernandez-flores-dscf3146.jpg\"\n                 style=\"max-height: 300px;\"\/>\n        <\/a>\n\n        <\/div> \n<div id=\"ngg-image-7\" class=\"ngg-gallery-slideshow-image\" style=\"height:320px\">\n\n        <a href=\"https:\/\/amigosmetabolicos.org\/wp-content\/gallery\/dia-mundial-de-las-enfermedades-raras-2013\/01-bienvenida-xochitl-mendoza-morales-dimg_4567.jpg\"\n           title=\"\"\n           data-src=\"https:\/\/amigosmetabolicos.org\/wp-content\/gallery\/dia-mundial-de-las-enfermedades-raras-2013\/01-bienvenida-xochitl-mendoza-morales-dimg_4567.jpg\"\n           data-thumbnail=\"https:\/\/amigosmetabolicos.org\/wp-content\/gallery\/dia-mundial-de-las-enfermedades-raras-2013\/thumbs\/thumbs_01-bienvenida-xochitl-mendoza-morales-dimg_4567.jpg\"\n           data-image-id=\"290\"\n           data-title=\"01-bienvenida-xochitl-mendoza-morales-dimg_4567\"\n           data-description=\"\"\n           class='nggobasic-fancybox' rel='06ded2b58c2ab8aec2502908cfb68548'>\n\n            <img data-image-id='290'\n                 title=\"\"\n                 alt=\"01-bienvenida-xochitl-mendoza-morales-dimg_4567\"\n                 src=\"https:\/\/amigosmetabolicos.org\/wp-content\/gallery\/dia-mundial-de-las-enfermedades-raras-2013\/01-bienvenida-xochitl-mendoza-morales-dimg_4567.jpg\"\n                 style=\"max-height: 300px;\"\/>\n        <\/a>\n\n        <\/div> \n<div id=\"ngg-image-8\" class=\"ngg-gallery-slideshow-image\" style=\"height:320px\">\n\n        <a href=\"https:\/\/amigosmetabolicos.org\/wp-content\/gallery\/dia-mundial-de-las-enfermedades-raras-2013\/01-bienvenida-xochitl-mendoza-morales-dsc00575.jpg\"\n           title=\"\"\n           data-src=\"https:\/\/amigosmetabolicos.org\/wp-content\/gallery\/dia-mundial-de-las-enfermedades-raras-2013\/01-bienvenida-xochitl-mendoza-morales-dsc00575.jpg\"\n           data-thumbnail=\"https:\/\/amigosmetabolicos.org\/wp-content\/gallery\/dia-mundial-de-las-enfermedades-raras-2013\/thumbs\/thumbs_01-bienvenida-xochitl-mendoza-morales-dsc00575.jpg\"\n           data-image-id=\"291\"\n           data-title=\"01-bienvenida-xochitl-mendoza-morales-dsc00575\"\n           data-description=\"\"\n           class='nggobasic-fancybox' rel='06ded2b58c2ab8aec2502908cfb68548'>\n\n            <img data-image-id='291'\n                 title=\"\"\n                 alt=\"01-bienvenida-xochitl-mendoza-morales-dsc00575\"\n                 src=\"https:\/\/amigosmetabolicos.org\/wp-content\/gallery\/dia-mundial-de-las-enfermedades-raras-2013\/01-bienvenida-xochitl-mendoza-morales-dsc00575.jpg\"\n                 style=\"max-height: 300px;\"\/>\n        <\/a>\n\n        <\/div> \n<div id=\"ngg-image-9\" class=\"ngg-gallery-slideshow-image\" style=\"height:320px\">\n\n        <a href=\"https:\/\/amigosmetabolicos.org\/wp-content\/gallery\/dia-mundial-de-las-enfermedades-raras-2013\/01-bienvenida-xochitl-mendoza-morales-dsc00578.jpg\"\n           title=\"\"\n           data-src=\"https:\/\/amigosmetabolicos.org\/wp-content\/gallery\/dia-mundial-de-las-enfermedades-raras-2013\/01-bienvenida-xochitl-mendoza-morales-dsc00578.jpg\"\n           data-thumbnail=\"https:\/\/amigosmetabolicos.org\/wp-content\/gallery\/dia-mundial-de-las-enfermedades-raras-2013\/thumbs\/thumbs_01-bienvenida-xochitl-mendoza-morales-dsc00578.jpg\"\n           data-image-id=\"292\"\n           data-title=\"01-bienvenida-xochitl-mendoza-morales-dsc00578\"\n           data-description=\"\"\n           class='nggobasic-fancybox' rel='06ded2b58c2ab8aec2502908cfb68548'>\n\n            <img data-image-id='292'\n                 title=\"\"\n                 alt=\"01-bienvenida-xochitl-mendoza-morales-dsc00578\"\n                 src=\"https:\/\/amigosmetabolicos.org\/wp-content\/gallery\/dia-mundial-de-las-enfermedades-raras-2013\/01-bienvenida-xochitl-mendoza-morales-dsc00578.jpg\"\n                 style=\"max-height: 300px;\"\/>\n        <\/a>\n\n        <\/div> \n<div id=\"ngg-image-10\" class=\"ngg-gallery-slideshow-image\" style=\"height:320px\">\n\n        <a href=\"https:\/\/amigosmetabolicos.org\/wp-content\/gallery\/dia-mundial-de-las-enfermedades-raras-2013\/01-inaguracion-dr-jesus-zacarias-villarreal-perez-dsc00593.jpg\"\n           title=\"\"\n           data-src=\"https:\/\/amigosmetabolicos.org\/wp-content\/gallery\/dia-mundial-de-las-enfermedades-raras-2013\/01-inaguracion-dr-jesus-zacarias-villarreal-perez-dsc00593.jpg\"\n           data-thumbnail=\"https:\/\/amigosmetabolicos.org\/wp-content\/gallery\/dia-mundial-de-las-enfermedades-raras-2013\/thumbs\/thumbs_01-inaguracion-dr-jesus-zacarias-villarreal-perez-dsc00593.jpg\"\n           data-image-id=\"293\"\n           data-title=\"01-inaguracion-dr-jesus-zacarias-villarreal-perez-dsc00593\"\n           data-description=\"\"\n           class='nggobasic-fancybox' rel='06ded2b58c2ab8aec2502908cfb68548'>\n\n            <img data-image-id='293'\n                 title=\"\"\n                 alt=\"01-inaguracion-dr-jesus-zacarias-villarreal-perez-dsc00593\"\n                 src=\"https:\/\/amigosmetabolicos.org\/wp-content\/gallery\/dia-mundial-de-las-enfermedades-raras-2013\/01-inaguracion-dr-jesus-zacarias-villarreal-perez-dsc00593.jpg\"\n                 style=\"max-height: 300px;\"\/>\n        <\/a>\n\n        <\/div> \n<div id=\"ngg-image-11\" class=\"ngg-gallery-slideshow-image\" style=\"height:320px\">\n\n        <a href=\"https:\/\/amigosmetabolicos.org\/wp-content\/gallery\/dia-mundial-de-las-enfermedades-raras-2013\/01-inaguracion-dr-jesus-zacarias-villarreal-perez-dsc00601.jpg\"\n           title=\"\"\n           data-src=\"https:\/\/amigosmetabolicos.org\/wp-content\/gallery\/dia-mundial-de-las-enfermedades-raras-2013\/01-inaguracion-dr-jesus-zacarias-villarreal-perez-dsc00601.jpg\"\n           data-thumbnail=\"https:\/\/amigosmetabolicos.org\/wp-content\/gallery\/dia-mundial-de-las-enfermedades-raras-2013\/thumbs\/thumbs_01-inaguracion-dr-jesus-zacarias-villarreal-perez-dsc00601.jpg\"\n           data-image-id=\"294\"\n           data-title=\"01-inaguracion-dr-jesus-zacarias-villarreal-perez-dsc00601\"\n           data-description=\"\"\n           class='nggobasic-fancybox' rel='06ded2b58c2ab8aec2502908cfb68548'>\n\n            <img data-image-id='294'\n                 title=\"\"\n                 alt=\"01-inaguracion-dr-jesus-zacarias-villarreal-perez-dsc00601\"\n                 src=\"https:\/\/amigosmetabolicos.org\/wp-content\/gallery\/dia-mundial-de-las-enfermedades-raras-2013\/01-inaguracion-dr-jesus-zacarias-villarreal-perez-dsc00601.jpg\"\n                 style=\"max-height: 300px;\"\/>\n        <\/a>\n\n        <\/div> \n<div id=\"ngg-image-12\" class=\"ngg-gallery-slideshow-image\" style=\"height:320px\">\n\n        <a href=\"https:\/\/amigosmetabolicos.org\/wp-content\/gallery\/dia-mundial-de-las-enfermedades-raras-2013\/01-inaguracion-dr-jesus-zacarias-villarreal-perez-dsc00631.jpg\"\n           title=\"\"\n           data-src=\"https:\/\/amigosmetabolicos.org\/wp-content\/gallery\/dia-mundial-de-las-enfermedades-raras-2013\/01-inaguracion-dr-jesus-zacarias-villarreal-perez-dsc00631.jpg\"\n           data-thumbnail=\"https:\/\/amigosmetabolicos.org\/wp-content\/gallery\/dia-mundial-de-las-enfermedades-raras-2013\/thumbs\/thumbs_01-inaguracion-dr-jesus-zacarias-villarreal-perez-dsc00631.jpg\"\n           data-image-id=\"295\"\n           data-title=\"01-inaguracion-dr-jesus-zacarias-villarreal-perez-dsc00631\"\n           data-description=\"\"\n           class='nggobasic-fancybox' rel='06ded2b58c2ab8aec2502908cfb68548'>\n\n            <img data-image-id='295'\n                 title=\"\"\n                 alt=\"01-inaguracion-dr-jesus-zacarias-villarreal-perez-dsc00631\"\n                 src=\"https:\/\/amigosmetabolicos.org\/wp-content\/gallery\/dia-mundial-de-las-enfermedades-raras-2013\/01-inaguracion-dr-jesus-zacarias-villarreal-perez-dsc00631.jpg\"\n                 style=\"max-height: 300px;\"\/>\n        <\/a>\n\n        <\/div> \n<div id=\"ngg-image-13\" class=\"ngg-gallery-slideshow-image\" style=\"height:320px\">\n\n        <a href=\"https:\/\/amigosmetabolicos.org\/wp-content\/gallery\/dia-mundial-de-las-enfermedades-raras-2013\/01-inaguracion-dr-jesus-zacarias-villarreal-perez-img_4592.jpg\"\n           title=\"\"\n           data-src=\"https:\/\/amigosmetabolicos.org\/wp-content\/gallery\/dia-mundial-de-las-enfermedades-raras-2013\/01-inaguracion-dr-jesus-zacarias-villarreal-perez-img_4592.jpg\"\n           data-thumbnail=\"https:\/\/amigosmetabolicos.org\/wp-content\/gallery\/dia-mundial-de-las-enfermedades-raras-2013\/thumbs\/thumbs_01-inaguracion-dr-jesus-zacarias-villarreal-perez-img_4592.jpg\"\n           data-image-id=\"296\"\n           data-title=\"01-inaguracion-dr-jesus-zacarias-villarreal-perez-img_4592\"\n           data-description=\"\"\n           class='nggobasic-fancybox' rel='06ded2b58c2ab8aec2502908cfb68548'>\n\n            <img data-image-id='296'\n                 title=\"\"\n                 alt=\"01-inaguracion-dr-jesus-zacarias-villarreal-perez-img_4592\"\n                 src=\"https:\/\/amigosmetabolicos.org\/wp-content\/gallery\/dia-mundial-de-las-enfermedades-raras-2013\/01-inaguracion-dr-jesus-zacarias-villarreal-perez-img_4592.jpg\"\n                 style=\"max-height: 300px;\"\/>\n        <\/a>\n\n        <\/div> \n<div id=\"ngg-image-14\" class=\"ngg-gallery-slideshow-image\" style=\"height:320px\">\n\n        <a href=\"https:\/\/amigosmetabolicos.org\/wp-content\/gallery\/dia-mundial-de-las-enfermedades-raras-2013\/02-reconocimiento-dr-antonio-velazquez-arellano-dsc00778.jpg\"\n           title=\"Xochitl Mendoza Presidente de Amigos Metab\u00f3licos, con el Secretario de Salud de Nuevo Le\u00f3n, el Dr. Jes\u00fas Zacar\u00edas Villarreal P\u00e9rez; acompa\u00f1ados del nuestro querido Dr. Antonio Vel\u00e1zquez Arellano.\"\n           data-src=\"https:\/\/amigosmetabolicos.org\/wp-content\/gallery\/dia-mundial-de-las-enfermedades-raras-2013\/02-reconocimiento-dr-antonio-velazquez-arellano-dsc00778.jpg\"\n           data-thumbnail=\"https:\/\/amigosmetabolicos.org\/wp-content\/gallery\/dia-mundial-de-las-enfermedades-raras-2013\/thumbs\/thumbs_02-reconocimiento-dr-antonio-velazquez-arellano-dsc00778.jpg\"\n           data-image-id=\"297\"\n           data-title=\"Xochitl Mendoza Presidente de Amigos Metab\u00f3licos, con el Secretario de Salud de Nuevo Le\u00f3n, el Dr. Jes\u00fas Zacar\u00edas Villarreal P\u00e9rez; acompa\u00f1ados del nuestro querido Dr. Antonio Vel\u00e1zquez Arellano.\"\n           data-description=\"Xochitl Mendoza Presidente de Amigos Metab\u00f3licos, con el Secretario de Salud de Nuevo Le\u00f3n, el Dr. Jes\u00fas Zacar\u00edas Villarreal P\u00e9rez; acompa\u00f1ados del nuestro querido Dr. Antonio Vel\u00e1zquez Arellano.\"\n           class='nggobasic-fancybox' rel='06ded2b58c2ab8aec2502908cfb68548'>\n\n            <img data-image-id='297'\n                 title=\"Xochitl Mendoza Presidente de Amigos Metab\u00f3licos, con el Secretario de Salud de Nuevo Le\u00f3n, el Dr. Jes\u00fas Zacar\u00edas Villarreal P\u00e9rez; acompa\u00f1ados del nuestro querido Dr. Antonio Vel\u00e1zquez Arellano.\"\n                 alt=\"Xochitl Mendoza Presidente de Amigos Metab\u00f3licos, con el Secretario de Salud de Nuevo Le\u00f3n, el Dr. Jes\u00fas Zacar\u00edas Villarreal P\u00e9rez; acompa\u00f1ados del nuestro querido Dr. Antonio Vel\u00e1zquez Arellano.\"\n                 src=\"https:\/\/amigosmetabolicos.org\/wp-content\/gallery\/dia-mundial-de-las-enfermedades-raras-2013\/02-reconocimiento-dr-antonio-velazquez-arellano-dsc00778.jpg\"\n                 style=\"max-height: 300px;\"\/>\n        <\/a>\n\n        <\/div> \n<div id=\"ngg-image-15\" class=\"ngg-gallery-slideshow-image\" style=\"height:320px\">\n\n        <a href=\"https:\/\/amigosmetabolicos.org\/wp-content\/gallery\/dia-mundial-de-las-enfermedades-raras-2013\/02-reconocimiento-dr-antonio-velazquez-arellano-dsc00789.jpg\"\n           title=\"\"\n           data-src=\"https:\/\/amigosmetabolicos.org\/wp-content\/gallery\/dia-mundial-de-las-enfermedades-raras-2013\/02-reconocimiento-dr-antonio-velazquez-arellano-dsc00789.jpg\"\n           data-thumbnail=\"https:\/\/amigosmetabolicos.org\/wp-content\/gallery\/dia-mundial-de-las-enfermedades-raras-2013\/thumbs\/thumbs_02-reconocimiento-dr-antonio-velazquez-arellano-dsc00789.jpg\"\n           data-image-id=\"298\"\n           data-title=\"02-reconocimiento-dr-antonio-velazquez-arellano-dsc00789\"\n           data-description=\"\"\n           class='nggobasic-fancybox' rel='06ded2b58c2ab8aec2502908cfb68548'>\n\n            <img data-image-id='298'\n                 title=\"\"\n                 alt=\"02-reconocimiento-dr-antonio-velazquez-arellano-dsc00789\"\n                 src=\"https:\/\/amigosmetabolicos.org\/wp-content\/gallery\/dia-mundial-de-las-enfermedades-raras-2013\/02-reconocimiento-dr-antonio-velazquez-arellano-dsc00789.jpg\"\n                 style=\"max-height: 300px;\"\/>\n        <\/a>\n\n        <\/div> \n<div id=\"ngg-image-16\" class=\"ngg-gallery-slideshow-image\" style=\"height:320px\">\n\n        <a href=\"https:\/\/amigosmetabolicos.org\/wp-content\/gallery\/dia-mundial-de-las-enfermedades-raras-2013\/02-reconocimiento-dr-antonio-velazquez-arellano-dsc00796.jpg\"\n           title=\"\"\n           data-src=\"https:\/\/amigosmetabolicos.org\/wp-content\/gallery\/dia-mundial-de-las-enfermedades-raras-2013\/02-reconocimiento-dr-antonio-velazquez-arellano-dsc00796.jpg\"\n           data-thumbnail=\"https:\/\/amigosmetabolicos.org\/wp-content\/gallery\/dia-mundial-de-las-enfermedades-raras-2013\/thumbs\/thumbs_02-reconocimiento-dr-antonio-velazquez-arellano-dsc00796.jpg\"\n           data-image-id=\"299\"\n           data-title=\"02-reconocimiento-dr-antonio-velazquez-arellano-dsc00796\"\n           data-description=\"\"\n           class='nggobasic-fancybox' rel='06ded2b58c2ab8aec2502908cfb68548'>\n\n            <img data-image-id='299'\n                 title=\"\"\n                 alt=\"02-reconocimiento-dr-antonio-velazquez-arellano-dsc00796\"\n                 src=\"https:\/\/amigosmetabolicos.org\/wp-content\/gallery\/dia-mundial-de-las-enfermedades-raras-2013\/02-reconocimiento-dr-antonio-velazquez-arellano-dsc00796.jpg\"\n                 style=\"max-height: 300px;\"\/>\n        <\/a>\n\n        <\/div> \n<div id=\"ngg-image-17\" class=\"ngg-gallery-slideshow-image\" style=\"height:320px\">\n\n        <a href=\"https:\/\/amigosmetabolicos.org\/wp-content\/gallery\/dia-mundial-de-las-enfermedades-raras-2013\/02-reconocimiento-dr-antonio-velazquez-arellano-img_4733.jpg\"\n           title=\"\"\n           data-src=\"https:\/\/amigosmetabolicos.org\/wp-content\/gallery\/dia-mundial-de-las-enfermedades-raras-2013\/02-reconocimiento-dr-antonio-velazquez-arellano-img_4733.jpg\"\n           data-thumbnail=\"https:\/\/amigosmetabolicos.org\/wp-content\/gallery\/dia-mundial-de-las-enfermedades-raras-2013\/thumbs\/thumbs_02-reconocimiento-dr-antonio-velazquez-arellano-img_4733.jpg\"\n           data-image-id=\"300\"\n           data-title=\"02-reconocimiento-dr-antonio-velazquez-arellano-img_4733\"\n           data-description=\"\"\n           class='nggobasic-fancybox' rel='06ded2b58c2ab8aec2502908cfb68548'>\n\n            <img data-image-id='300'\n                 title=\"\"\n                 alt=\"02-reconocimiento-dr-antonio-velazquez-arellano-img_4733\"\n                 src=\"https:\/\/amigosmetabolicos.org\/wp-content\/gallery\/dia-mundial-de-las-enfermedades-raras-2013\/02-reconocimiento-dr-antonio-velazquez-arellano-img_4733.jpg\"\n                 style=\"max-height: 300px;\"\/>\n        <\/a>\n\n        <\/div> \n<div id=\"ngg-image-18\" class=\"ngg-gallery-slideshow-image\" style=\"height:320px\">\n\n        <a href=\"https:\/\/amigosmetabolicos.org\/wp-content\/gallery\/dia-mundial-de-las-enfermedades-raras-2013\/02-reconocimiento-dr-antonio-velazquez-arellano-img_4746.jpg\"\n           title=\"\"\n           data-src=\"https:\/\/amigosmetabolicos.org\/wp-content\/gallery\/dia-mundial-de-las-enfermedades-raras-2013\/02-reconocimiento-dr-antonio-velazquez-arellano-img_4746.jpg\"\n           data-thumbnail=\"https:\/\/amigosmetabolicos.org\/wp-content\/gallery\/dia-mundial-de-las-enfermedades-raras-2013\/thumbs\/thumbs_02-reconocimiento-dr-antonio-velazquez-arellano-img_4746.jpg\"\n           data-image-id=\"301\"\n           data-title=\"02-reconocimiento-dr-antonio-velazquez-arellano-img_4746\"\n           data-description=\"\"\n           class='nggobasic-fancybox' rel='06ded2b58c2ab8aec2502908cfb68548'>\n\n            <img data-image-id='301'\n                 title=\"\"\n                 alt=\"02-reconocimiento-dr-antonio-velazquez-arellano-img_4746\"\n                 src=\"https:\/\/amigosmetabolicos.org\/wp-content\/gallery\/dia-mundial-de-las-enfermedades-raras-2013\/02-reconocimiento-dr-antonio-velazquez-arellano-img_4746.jpg\"\n                 style=\"max-height: 300px;\"\/>\n        <\/a>\n\n        <\/div> \n<div id=\"ngg-image-19\" class=\"ngg-gallery-slideshow-image\" style=\"height:320px\">\n\n        <a href=\"https:\/\/amigosmetabolicos.org\/wp-content\/gallery\/dia-mundial-de-las-enfermedades-raras-2013\/02-reconocimiento-dr-antonio-velazquez-arellano-img_4748.jpg\"\n           title=\"\"\n           data-src=\"https:\/\/amigosmetabolicos.org\/wp-content\/gallery\/dia-mundial-de-las-enfermedades-raras-2013\/02-reconocimiento-dr-antonio-velazquez-arellano-img_4748.jpg\"\n           data-thumbnail=\"https:\/\/amigosmetabolicos.org\/wp-content\/gallery\/dia-mundial-de-las-enfermedades-raras-2013\/thumbs\/thumbs_02-reconocimiento-dr-antonio-velazquez-arellano-img_4748.jpg\"\n           data-image-id=\"302\"\n           data-title=\"02-reconocimiento-dr-antonio-velazquez-arellano-img_4748\"\n           data-description=\"\"\n           class='nggobasic-fancybox' rel='06ded2b58c2ab8aec2502908cfb68548'>\n\n            <img data-image-id='302'\n                 title=\"\"\n                 alt=\"02-reconocimiento-dr-antonio-velazquez-arellano-img_4748\"\n                 src=\"https:\/\/amigosmetabolicos.org\/wp-content\/gallery\/dia-mundial-de-las-enfermedades-raras-2013\/02-reconocimiento-dr-antonio-velazquez-arellano-img_4748.jpg\"\n                 style=\"max-height: 300px;\"\/>\n        <\/a>\n\n        <\/div> \n<div id=\"ngg-image-20\" class=\"ngg-gallery-slideshow-image\" style=\"height:320px\">\n\n        <a href=\"https:\/\/amigosmetabolicos.org\/wp-content\/gallery\/dia-mundial-de-las-enfermedades-raras-2013\/03-conferencia-magistral-dr-antonio-velazquez-arellano-dsc00817.jpg\"\n           title=\"\"\n           data-src=\"https:\/\/amigosmetabolicos.org\/wp-content\/gallery\/dia-mundial-de-las-enfermedades-raras-2013\/03-conferencia-magistral-dr-antonio-velazquez-arellano-dsc00817.jpg\"\n           data-thumbnail=\"https:\/\/amigosmetabolicos.org\/wp-content\/gallery\/dia-mundial-de-las-enfermedades-raras-2013\/thumbs\/thumbs_03-conferencia-magistral-dr-antonio-velazquez-arellano-dsc00817.jpg\"\n           data-image-id=\"303\"\n           data-title=\"03-conferencia-magistral-dr-antonio-velazquez-arellano-dsc00817\"\n           data-description=\"\"\n           class='nggobasic-fancybox' rel='06ded2b58c2ab8aec2502908cfb68548'>\n\n            <img data-image-id='303'\n                 title=\"\"\n                 alt=\"03-conferencia-magistral-dr-antonio-velazquez-arellano-dsc00817\"\n                 src=\"https:\/\/amigosmetabolicos.org\/wp-content\/gallery\/dia-mundial-de-las-enfermedades-raras-2013\/03-conferencia-magistral-dr-antonio-velazquez-arellano-dsc00817.jpg\"\n                 style=\"max-height: 300px;\"\/>\n        <\/a>\n\n        <\/div> \n<div id=\"ngg-image-21\" class=\"ngg-gallery-slideshow-image\" style=\"height:320px\">\n\n        <a href=\"https:\/\/amigosmetabolicos.org\/wp-content\/gallery\/dia-mundial-de-las-enfermedades-raras-2013\/03-conferencia-magistral-dr-antonio-velazquez-arellano-dsc00821.jpg\"\n           title=\"\"\n           data-src=\"https:\/\/amigosmetabolicos.org\/wp-content\/gallery\/dia-mundial-de-las-enfermedades-raras-2013\/03-conferencia-magistral-dr-antonio-velazquez-arellano-dsc00821.jpg\"\n           data-thumbnail=\"https:\/\/amigosmetabolicos.org\/wp-content\/gallery\/dia-mundial-de-las-enfermedades-raras-2013\/thumbs\/thumbs_03-conferencia-magistral-dr-antonio-velazquez-arellano-dsc00821.jpg\"\n           data-image-id=\"304\"\n           data-title=\"03-conferencia-magistral-dr-antonio-velazquez-arellano-dsc00821\"\n           data-description=\"\"\n           class='nggobasic-fancybox' rel='06ded2b58c2ab8aec2502908cfb68548'>\n\n            <img data-image-id='304'\n                 title=\"\"\n                 alt=\"03-conferencia-magistral-dr-antonio-velazquez-arellano-dsc00821\"\n                 src=\"https:\/\/amigosmetabolicos.org\/wp-content\/gallery\/dia-mundial-de-las-enfermedades-raras-2013\/03-conferencia-magistral-dr-antonio-velazquez-arellano-dsc00821.jpg\"\n                 style=\"max-height: 300px;\"\/>\n        <\/a>\n\n        <\/div> \n<div id=\"ngg-image-22\" class=\"ngg-gallery-slideshow-image\" style=\"height:320px\">\n\n        <a href=\"https:\/\/amigosmetabolicos.org\/wp-content\/gallery\/dia-mundial-de-las-enfermedades-raras-2013\/03-conferencia-magistral-dr-antonio-velazquez-arellano-img_4765.jpg\"\n           title=\"\"\n           data-src=\"https:\/\/amigosmetabolicos.org\/wp-content\/gallery\/dia-mundial-de-las-enfermedades-raras-2013\/03-conferencia-magistral-dr-antonio-velazquez-arellano-img_4765.jpg\"\n           data-thumbnail=\"https:\/\/amigosmetabolicos.org\/wp-content\/gallery\/dia-mundial-de-las-enfermedades-raras-2013\/thumbs\/thumbs_03-conferencia-magistral-dr-antonio-velazquez-arellano-img_4765.jpg\"\n           data-image-id=\"305\"\n           data-title=\"03-conferencia-magistral-dr-antonio-velazquez-arellano-img_4765\"\n           data-description=\"\"\n           class='nggobasic-fancybox' rel='06ded2b58c2ab8aec2502908cfb68548'>\n\n            <img data-image-id='305'\n                 title=\"\"\n                 alt=\"03-conferencia-magistral-dr-antonio-velazquez-arellano-img_4765\"\n                 src=\"https:\/\/amigosmetabolicos.org\/wp-content\/gallery\/dia-mundial-de-las-enfermedades-raras-2013\/03-conferencia-magistral-dr-antonio-velazquez-arellano-img_4765.jpg\"\n                 style=\"max-height: 300px;\"\/>\n        <\/a>\n\n        <\/div> \n<div id=\"ngg-image-23\" class=\"ngg-gallery-slideshow-image\" style=\"height:320px\">\n\n        <a href=\"https:\/\/amigosmetabolicos.org\/wp-content\/gallery\/dia-mundial-de-las-enfermedades-raras-2013\/03-conferencia-magistral-dr-antonio-velazquez-arellano-img_4767.jpg\"\n           title=\"\"\n           data-src=\"https:\/\/amigosmetabolicos.org\/wp-content\/gallery\/dia-mundial-de-las-enfermedades-raras-2013\/03-conferencia-magistral-dr-antonio-velazquez-arellano-img_4767.jpg\"\n           data-thumbnail=\"https:\/\/amigosmetabolicos.org\/wp-content\/gallery\/dia-mundial-de-las-enfermedades-raras-2013\/thumbs\/thumbs_03-conferencia-magistral-dr-antonio-velazquez-arellano-img_4767.jpg\"\n           data-image-id=\"306\"\n           data-title=\"03-conferencia-magistral-dr-antonio-velazquez-arellano-img_4767\"\n           data-description=\"\"\n           class='nggobasic-fancybox' rel='06ded2b58c2ab8aec2502908cfb68548'>\n\n            <img data-image-id='306'\n                 title=\"\"\n                 alt=\"03-conferencia-magistral-dr-antonio-velazquez-arellano-img_4767\"\n                 src=\"https:\/\/amigosmetabolicos.org\/wp-content\/gallery\/dia-mundial-de-las-enfermedades-raras-2013\/03-conferencia-magistral-dr-antonio-velazquez-arellano-img_4767.jpg\"\n                 style=\"max-height: 300px;\"\/>\n        <\/a>\n\n        <\/div> \n<div id=\"ngg-image-24\" class=\"ngg-gallery-slideshow-image\" style=\"height:320px\">\n\n        <a href=\"https:\/\/amigosmetabolicos.org\/wp-content\/gallery\/dia-mundial-de-las-enfermedades-raras-2013\/03-conferencia-magistral-dr-antonio-velazquez-arellano-img_4792.jpg\"\n           title=\"\"\n           data-src=\"https:\/\/amigosmetabolicos.org\/wp-content\/gallery\/dia-mundial-de-las-enfermedades-raras-2013\/03-conferencia-magistral-dr-antonio-velazquez-arellano-img_4792.jpg\"\n           data-thumbnail=\"https:\/\/amigosmetabolicos.org\/wp-content\/gallery\/dia-mundial-de-las-enfermedades-raras-2013\/thumbs\/thumbs_03-conferencia-magistral-dr-antonio-velazquez-arellano-img_4792.jpg\"\n           data-image-id=\"307\"\n           data-title=\"03-conferencia-magistral-dr-antonio-velazquez-arellano-img_4792\"\n           data-description=\"\"\n           class='nggobasic-fancybox' rel='06ded2b58c2ab8aec2502908cfb68548'>\n\n            <img data-image-id='307'\n                 title=\"\"\n                 alt=\"03-conferencia-magistral-dr-antonio-velazquez-arellano-img_4792\"\n                 src=\"https:\/\/amigosmetabolicos.org\/wp-content\/gallery\/dia-mundial-de-las-enfermedades-raras-2013\/03-conferencia-magistral-dr-antonio-velazquez-arellano-img_4792.jpg\"\n                 style=\"max-height: 300px;\"\/>\n        <\/a>\n\n        <\/div> \n<div id=\"ngg-image-25\" class=\"ngg-gallery-slideshow-image\" style=\"height:320px\">\n\n        <a href=\"https:\/\/amigosmetabolicos.org\/wp-content\/gallery\/dia-mundial-de-las-enfermedades-raras-2013\/03-conferencia-magistral-dr-antonio-velazquez-arellano-img_4803.jpg\"\n           title=\"\"\n           data-src=\"https:\/\/amigosmetabolicos.org\/wp-content\/gallery\/dia-mundial-de-las-enfermedades-raras-2013\/03-conferencia-magistral-dr-antonio-velazquez-arellano-img_4803.jpg\"\n           data-thumbnail=\"https:\/\/amigosmetabolicos.org\/wp-content\/gallery\/dia-mundial-de-las-enfermedades-raras-2013\/thumbs\/thumbs_03-conferencia-magistral-dr-antonio-velazquez-arellano-img_4803.jpg\"\n           data-image-id=\"308\"\n           data-title=\"03-conferencia-magistral-dr-antonio-velazquez-arellano-img_4803\"\n           data-description=\"\"\n           class='nggobasic-fancybox' rel='06ded2b58c2ab8aec2502908cfb68548'>\n\n            <img data-image-id='308'\n                 title=\"\"\n                 alt=\"03-conferencia-magistral-dr-antonio-velazquez-arellano-img_4803\"\n                 src=\"https:\/\/amigosmetabolicos.org\/wp-content\/gallery\/dia-mundial-de-las-enfermedades-raras-2013\/03-conferencia-magistral-dr-antonio-velazquez-arellano-img_4803.jpg\"\n                 style=\"max-height: 300px;\"\/>\n        <\/a>\n\n        <\/div> \n<div id=\"ngg-image-26\" class=\"ngg-gallery-slideshow-image\" style=\"height:320px\">\n\n        <a href=\"https:\/\/amigosmetabolicos.org\/wp-content\/gallery\/dia-mundial-de-las-enfermedades-raras-2013\/03-conferencia-magistral-dr-antonio-velazquez-arellano-img_4808.jpg\"\n           title=\"\"\n           data-src=\"https:\/\/amigosmetabolicos.org\/wp-content\/gallery\/dia-mundial-de-las-enfermedades-raras-2013\/03-conferencia-magistral-dr-antonio-velazquez-arellano-img_4808.jpg\"\n           data-thumbnail=\"https:\/\/amigosmetabolicos.org\/wp-content\/gallery\/dia-mundial-de-las-enfermedades-raras-2013\/thumbs\/thumbs_03-conferencia-magistral-dr-antonio-velazquez-arellano-img_4808.jpg\"\n           data-image-id=\"309\"\n           data-title=\"03-conferencia-magistral-dr-antonio-velazquez-arellano-img_4808\"\n           data-description=\"\"\n           class='nggobasic-fancybox' rel='06ded2b58c2ab8aec2502908cfb68548'>\n\n            <img data-image-id='309'\n                 title=\"\"\n                 alt=\"03-conferencia-magistral-dr-antonio-velazquez-arellano-img_4808\"\n                 src=\"https:\/\/amigosmetabolicos.org\/wp-content\/gallery\/dia-mundial-de-las-enfermedades-raras-2013\/03-conferencia-magistral-dr-antonio-velazquez-arellano-img_4808.jpg\"\n                 style=\"max-height: 300px;\"\/>\n        <\/a>\n\n        <\/div> \n<div id=\"ngg-image-27\" class=\"ngg-gallery-slideshow-image\" style=\"height:320px\">\n\n        <a href=\"https:\/\/amigosmetabolicos.org\/wp-content\/gallery\/dia-mundial-de-las-enfermedades-raras-2013\/03-conferencia-magistral-dr-antonio-velazquez-arellano-img_4853.jpg\"\n           title=\"\"\n           data-src=\"https:\/\/amigosmetabolicos.org\/wp-content\/gallery\/dia-mundial-de-las-enfermedades-raras-2013\/03-conferencia-magistral-dr-antonio-velazquez-arellano-img_4853.jpg\"\n           data-thumbnail=\"https:\/\/amigosmetabolicos.org\/wp-content\/gallery\/dia-mundial-de-las-enfermedades-raras-2013\/thumbs\/thumbs_03-conferencia-magistral-dr-antonio-velazquez-arellano-img_4853.jpg\"\n           data-image-id=\"310\"\n           data-title=\"03-conferencia-magistral-dr-antonio-velazquez-arellano-img_4853\"\n           data-description=\"\"\n           class='nggobasic-fancybox' rel='06ded2b58c2ab8aec2502908cfb68548'>\n\n            <img data-image-id='310'\n                 title=\"\"\n                 alt=\"03-conferencia-magistral-dr-antonio-velazquez-arellano-img_4853\"\n                 src=\"https:\/\/amigosmetabolicos.org\/wp-content\/gallery\/dia-mundial-de-las-enfermedades-raras-2013\/03-conferencia-magistral-dr-antonio-velazquez-arellano-img_4853.jpg\"\n                 style=\"max-height: 300px;\"\/>\n        <\/a>\n\n        <\/div> \n<div id=\"ngg-image-28\" class=\"ngg-gallery-slideshow-image\" style=\"height:320px\">\n\n        <a href=\"https:\/\/amigosmetabolicos.org\/wp-content\/gallery\/dia-mundial-de-las-enfermedades-raras-2013\/03-conferencia-magistral-dr-antonio-velazquez-arellano-img_4860.jpg\"\n           title=\"\"\n           data-src=\"https:\/\/amigosmetabolicos.org\/wp-content\/gallery\/dia-mundial-de-las-enfermedades-raras-2013\/03-conferencia-magistral-dr-antonio-velazquez-arellano-img_4860.jpg\"\n           data-thumbnail=\"https:\/\/amigosmetabolicos.org\/wp-content\/gallery\/dia-mundial-de-las-enfermedades-raras-2013\/thumbs\/thumbs_03-conferencia-magistral-dr-antonio-velazquez-arellano-img_4860.jpg\"\n           data-image-id=\"311\"\n           data-title=\"03-conferencia-magistral-dr-antonio-velazquez-arellano-img_4860\"\n           data-description=\"\"\n           class='nggobasic-fancybox' rel='06ded2b58c2ab8aec2502908cfb68548'>\n\n            <img data-image-id='311'\n                 title=\"\"\n                 alt=\"03-conferencia-magistral-dr-antonio-velazquez-arellano-img_4860\"\n                 src=\"https:\/\/amigosmetabolicos.org\/wp-content\/gallery\/dia-mundial-de-las-enfermedades-raras-2013\/03-conferencia-magistral-dr-antonio-velazquez-arellano-img_4860.jpg\"\n                 style=\"max-height: 300px;\"\/>\n        <\/a>\n\n        <\/div> \n<div id=\"ngg-image-29\" class=\"ngg-gallery-slideshow-image\" style=\"height:320px\">\n\n        <a href=\"https:\/\/amigosmetabolicos.org\/wp-content\/gallery\/dia-mundial-de-las-enfermedades-raras-2013\/03-conferencia-magistral-dr-antonio-velazquez-arellano-img_4870.jpg\"\n           title=\"\"\n           data-src=\"https:\/\/amigosmetabolicos.org\/wp-content\/gallery\/dia-mundial-de-las-enfermedades-raras-2013\/03-conferencia-magistral-dr-antonio-velazquez-arellano-img_4870.jpg\"\n           data-thumbnail=\"https:\/\/amigosmetabolicos.org\/wp-content\/gallery\/dia-mundial-de-las-enfermedades-raras-2013\/thumbs\/thumbs_03-conferencia-magistral-dr-antonio-velazquez-arellano-img_4870.jpg\"\n           data-image-id=\"312\"\n           data-title=\"03-conferencia-magistral-dr-antonio-velazquez-arellano-img_4870\"\n           data-description=\"\"\n           class='nggobasic-fancybox' rel='06ded2b58c2ab8aec2502908cfb68548'>\n\n            <img data-image-id='312'\n                 title=\"\"\n                 alt=\"03-conferencia-magistral-dr-antonio-velazquez-arellano-img_4870\"\n                 src=\"https:\/\/amigosmetabolicos.org\/wp-content\/gallery\/dia-mundial-de-las-enfermedades-raras-2013\/03-conferencia-magistral-dr-antonio-velazquez-arellano-img_4870.jpg\"\n                 style=\"max-height: 300px;\"\/>\n        <\/a>\n\n        <\/div> \n<div id=\"ngg-image-30\" class=\"ngg-gallery-slideshow-image\" style=\"height:320px\">\n\n        <a href=\"https:\/\/amigosmetabolicos.org\/wp-content\/gallery\/dia-mundial-de-las-enfermedades-raras-2013\/04-dr-luis-daniel-campos-acevedo-dsc00847.jpg\"\n           title=\"\"\n           data-src=\"https:\/\/amigosmetabolicos.org\/wp-content\/gallery\/dia-mundial-de-las-enfermedades-raras-2013\/04-dr-luis-daniel-campos-acevedo-dsc00847.jpg\"\n           data-thumbnail=\"https:\/\/amigosmetabolicos.org\/wp-content\/gallery\/dia-mundial-de-las-enfermedades-raras-2013\/thumbs\/thumbs_04-dr-luis-daniel-campos-acevedo-dsc00847.jpg\"\n           data-image-id=\"313\"\n           data-title=\"04-dr-luis-daniel-campos-acevedo-dsc00847\"\n           data-description=\"\"\n           class='nggobasic-fancybox' rel='06ded2b58c2ab8aec2502908cfb68548'>\n\n            <img data-image-id='313'\n                 title=\"\"\n                 alt=\"04-dr-luis-daniel-campos-acevedo-dsc00847\"\n                 src=\"https:\/\/amigosmetabolicos.org\/wp-content\/gallery\/dia-mundial-de-las-enfermedades-raras-2013\/04-dr-luis-daniel-campos-acevedo-dsc00847.jpg\"\n                 style=\"max-height: 300px;\"\/>\n        <\/a>\n\n        <\/div> \n<div id=\"ngg-image-31\" class=\"ngg-gallery-slideshow-image\" style=\"height:320px\">\n\n        <a href=\"https:\/\/amigosmetabolicos.org\/wp-content\/gallery\/dia-mundial-de-las-enfermedades-raras-2013\/04-dr-luis-daniel-campos-acevedo-dsc00848.jpg\"\n           title=\"\"\n           data-src=\"https:\/\/amigosmetabolicos.org\/wp-content\/gallery\/dia-mundial-de-las-enfermedades-raras-2013\/04-dr-luis-daniel-campos-acevedo-dsc00848.jpg\"\n           data-thumbnail=\"https:\/\/amigosmetabolicos.org\/wp-content\/gallery\/dia-mundial-de-las-enfermedades-raras-2013\/thumbs\/thumbs_04-dr-luis-daniel-campos-acevedo-dsc00848.jpg\"\n           data-image-id=\"314\"\n           data-title=\"04-dr-luis-daniel-campos-acevedo-dsc00848\"\n           data-description=\"\"\n           class='nggobasic-fancybox' rel='06ded2b58c2ab8aec2502908cfb68548'>\n\n            <img data-image-id='314'\n                 title=\"\"\n                 alt=\"04-dr-luis-daniel-campos-acevedo-dsc00848\"\n                 src=\"https:\/\/amigosmetabolicos.org\/wp-content\/gallery\/dia-mundial-de-las-enfermedades-raras-2013\/04-dr-luis-daniel-campos-acevedo-dsc00848.jpg\"\n                 style=\"max-height: 300px;\"\/>\n        <\/a>\n\n        <\/div> \n<div id=\"ngg-image-32\" class=\"ngg-gallery-slideshow-image\" style=\"height:320px\">\n\n        <a href=\"https:\/\/amigosmetabolicos.org\/wp-content\/gallery\/dia-mundial-de-las-enfermedades-raras-2013\/04-dr-luis-daniel-campos-acevedo-dsc00852.jpg\"\n           title=\"\"\n           data-src=\"https:\/\/amigosmetabolicos.org\/wp-content\/gallery\/dia-mundial-de-las-enfermedades-raras-2013\/04-dr-luis-daniel-campos-acevedo-dsc00852.jpg\"\n           data-thumbnail=\"https:\/\/amigosmetabolicos.org\/wp-content\/gallery\/dia-mundial-de-las-enfermedades-raras-2013\/thumbs\/thumbs_04-dr-luis-daniel-campos-acevedo-dsc00852.jpg\"\n           data-image-id=\"315\"\n           data-title=\"04-dr-luis-daniel-campos-acevedo-dsc00852\"\n           data-description=\"\"\n           class='nggobasic-fancybox' rel='06ded2b58c2ab8aec2502908cfb68548'>\n\n            <img data-image-id='315'\n                 title=\"\"\n                 alt=\"04-dr-luis-daniel-campos-acevedo-dsc00852\"\n                 src=\"https:\/\/amigosmetabolicos.org\/wp-content\/gallery\/dia-mundial-de-las-enfermedades-raras-2013\/04-dr-luis-daniel-campos-acevedo-dsc00852.jpg\"\n                 style=\"max-height: 300px;\"\/>\n        <\/a>\n\n        <\/div> \n<div id=\"ngg-image-33\" class=\"ngg-gallery-slideshow-image\" style=\"height:320px\">\n\n        <a href=\"https:\/\/amigosmetabolicos.org\/wp-content\/gallery\/dia-mundial-de-las-enfermedades-raras-2013\/05-dra-laura-martinez-de-villarreal-dsc00859.jpg\"\n           title=\"\"\n           data-src=\"https:\/\/amigosmetabolicos.org\/wp-content\/gallery\/dia-mundial-de-las-enfermedades-raras-2013\/05-dra-laura-martinez-de-villarreal-dsc00859.jpg\"\n           data-thumbnail=\"https:\/\/amigosmetabolicos.org\/wp-content\/gallery\/dia-mundial-de-las-enfermedades-raras-2013\/thumbs\/thumbs_05-dra-laura-martinez-de-villarreal-dsc00859.jpg\"\n           data-image-id=\"316\"\n           data-title=\"05-dra-laura-martinez-de-villarreal-dsc00859\"\n           data-description=\"\"\n           class='nggobasic-fancybox' rel='06ded2b58c2ab8aec2502908cfb68548'>\n\n            <img data-image-id='316'\n                 title=\"\"\n                 alt=\"05-dra-laura-martinez-de-villarreal-dsc00859\"\n                 src=\"https:\/\/amigosmetabolicos.org\/wp-content\/gallery\/dia-mundial-de-las-enfermedades-raras-2013\/05-dra-laura-martinez-de-villarreal-dsc00859.jpg\"\n                 style=\"max-height: 300px;\"\/>\n        <\/a>\n\n        <\/div> \n<div id=\"ngg-image-34\" class=\"ngg-gallery-slideshow-image\" style=\"height:320px\">\n\n        <a href=\"https:\/\/amigosmetabolicos.org\/wp-content\/gallery\/dia-mundial-de-las-enfermedades-raras-2013\/05-dra-laura-martinez-de-villarreal-dsc00863.jpg\"\n           title=\"\"\n           data-src=\"https:\/\/amigosmetabolicos.org\/wp-content\/gallery\/dia-mundial-de-las-enfermedades-raras-2013\/05-dra-laura-martinez-de-villarreal-dsc00863.jpg\"\n           data-thumbnail=\"https:\/\/amigosmetabolicos.org\/wp-content\/gallery\/dia-mundial-de-las-enfermedades-raras-2013\/thumbs\/thumbs_05-dra-laura-martinez-de-villarreal-dsc00863.jpg\"\n           data-image-id=\"317\"\n           data-title=\"05-dra-laura-martinez-de-villarreal-dsc00863\"\n           data-description=\"\"\n           class='nggobasic-fancybox' rel='06ded2b58c2ab8aec2502908cfb68548'>\n\n            <img data-image-id='317'\n                 title=\"\"\n                 alt=\"05-dra-laura-martinez-de-villarreal-dsc00863\"\n                 src=\"https:\/\/amigosmetabolicos.org\/wp-content\/gallery\/dia-mundial-de-las-enfermedades-raras-2013\/05-dra-laura-martinez-de-villarreal-dsc00863.jpg\"\n                 style=\"max-height: 300px;\"\/>\n        <\/a>\n\n        <\/div> \n<div id=\"ngg-image-35\" class=\"ngg-gallery-slideshow-image\" style=\"height:320px\">\n\n        <a href=\"https:\/\/amigosmetabolicos.org\/wp-content\/gallery\/dia-mundial-de-las-enfermedades-raras-2013\/05-dra-laura-martinez-de-villarreal-img_4892.jpg\"\n           title=\"\"\n           data-src=\"https:\/\/amigosmetabolicos.org\/wp-content\/gallery\/dia-mundial-de-las-enfermedades-raras-2013\/05-dra-laura-martinez-de-villarreal-img_4892.jpg\"\n           data-thumbnail=\"https:\/\/amigosmetabolicos.org\/wp-content\/gallery\/dia-mundial-de-las-enfermedades-raras-2013\/thumbs\/thumbs_05-dra-laura-martinez-de-villarreal-img_4892.jpg\"\n           data-image-id=\"318\"\n           data-title=\"05-dra-laura-martinez-de-villarreal-img_4892\"\n           data-description=\"\"\n           class='nggobasic-fancybox' rel='06ded2b58c2ab8aec2502908cfb68548'>\n\n            <img data-image-id='318'\n                 title=\"\"\n                 alt=\"05-dra-laura-martinez-de-villarreal-img_4892\"\n                 src=\"https:\/\/amigosmetabolicos.org\/wp-content\/gallery\/dia-mundial-de-las-enfermedades-raras-2013\/05-dra-laura-martinez-de-villarreal-img_4892.jpg\"\n                 style=\"max-height: 300px;\"\/>\n        <\/a>\n\n        <\/div> \n<div id=\"ngg-image-36\" class=\"ngg-gallery-slideshow-image\" style=\"height:320px\">\n\n        <a href=\"https:\/\/amigosmetabolicos.org\/wp-content\/gallery\/dia-mundial-de-las-enfermedades-raras-2013\/06-dra-areli-lopez-uriarte-dsc00867.jpg\"\n           title=\"\"\n           data-src=\"https:\/\/amigosmetabolicos.org\/wp-content\/gallery\/dia-mundial-de-las-enfermedades-raras-2013\/06-dra-areli-lopez-uriarte-dsc00867.jpg\"\n           data-thumbnail=\"https:\/\/amigosmetabolicos.org\/wp-content\/gallery\/dia-mundial-de-las-enfermedades-raras-2013\/thumbs\/thumbs_06-dra-areli-lopez-uriarte-dsc00867.jpg\"\n           data-image-id=\"319\"\n           data-title=\"06-dra-areli-lopez-uriarte-dsc00867\"\n           data-description=\"\"\n           class='nggobasic-fancybox' rel='06ded2b58c2ab8aec2502908cfb68548'>\n\n            <img data-image-id='319'\n                 title=\"\"\n                 alt=\"06-dra-areli-lopez-uriarte-dsc00867\"\n                 src=\"https:\/\/amigosmetabolicos.org\/wp-content\/gallery\/dia-mundial-de-las-enfermedades-raras-2013\/06-dra-areli-lopez-uriarte-dsc00867.jpg\"\n                 style=\"max-height: 300px;\"\/>\n        <\/a>\n\n        <\/div> \n<div id=\"ngg-image-37\" class=\"ngg-gallery-slideshow-image\" style=\"height:320px\">\n\n        <a href=\"https:\/\/amigosmetabolicos.org\/wp-content\/gallery\/dia-mundial-de-las-enfermedades-raras-2013\/06-dra-areli-lopez-uriarte-dsc00868.jpg\"\n           title=\"\"\n           data-src=\"https:\/\/amigosmetabolicos.org\/wp-content\/gallery\/dia-mundial-de-las-enfermedades-raras-2013\/06-dra-areli-lopez-uriarte-dsc00868.jpg\"\n           data-thumbnail=\"https:\/\/amigosmetabolicos.org\/wp-content\/gallery\/dia-mundial-de-las-enfermedades-raras-2013\/thumbs\/thumbs_06-dra-areli-lopez-uriarte-dsc00868.jpg\"\n           data-image-id=\"320\"\n           data-title=\"06-dra-areli-lopez-uriarte-dsc00868\"\n           data-description=\"\"\n           class='nggobasic-fancybox' rel='06ded2b58c2ab8aec2502908cfb68548'>\n\n            <img data-image-id='320'\n                 title=\"\"\n                 alt=\"06-dra-areli-lopez-uriarte-dsc00868\"\n                 src=\"https:\/\/amigosmetabolicos.org\/wp-content\/gallery\/dia-mundial-de-las-enfermedades-raras-2013\/06-dra-areli-lopez-uriarte-dsc00868.jpg\"\n                 style=\"max-height: 300px;\"\/>\n        <\/a>\n\n        <\/div> \n<div id=\"ngg-image-38\" class=\"ngg-gallery-slideshow-image\" style=\"height:320px\">\n\n        <a href=\"https:\/\/amigosmetabolicos.org\/wp-content\/gallery\/dia-mundial-de-las-enfermedades-raras-2013\/06-dra-areli-lopez-uriarte-dsc00878.jpg\"\n           title=\"\"\n           data-src=\"https:\/\/amigosmetabolicos.org\/wp-content\/gallery\/dia-mundial-de-las-enfermedades-raras-2013\/06-dra-areli-lopez-uriarte-dsc00878.jpg\"\n           data-thumbnail=\"https:\/\/amigosmetabolicos.org\/wp-content\/gallery\/dia-mundial-de-las-enfermedades-raras-2013\/thumbs\/thumbs_06-dra-areli-lopez-uriarte-dsc00878.jpg\"\n           data-image-id=\"321\"\n           data-title=\"06-dra-areli-lopez-uriarte-dsc00878\"\n           data-description=\"\"\n           class='nggobasic-fancybox' rel='06ded2b58c2ab8aec2502908cfb68548'>\n\n            <img data-image-id='321'\n                 title=\"\"\n                 alt=\"06-dra-areli-lopez-uriarte-dsc00878\"\n                 src=\"https:\/\/amigosmetabolicos.org\/wp-content\/gallery\/dia-mundial-de-las-enfermedades-raras-2013\/06-dra-areli-lopez-uriarte-dsc00878.jpg\"\n                 style=\"max-height: 300px;\"\/>\n        <\/a>\n\n        <\/div> \n<div id=\"ngg-image-39\" class=\"ngg-gallery-slideshow-image\" style=\"height:320px\">\n\n        <a href=\"https:\/\/amigosmetabolicos.org\/wp-content\/gallery\/dia-mundial-de-las-enfermedades-raras-2013\/07-dra-beatriz-de-la-fuente-cortez-dsc00901.jpg\"\n           title=\"\"\n           data-src=\"https:\/\/amigosmetabolicos.org\/wp-content\/gallery\/dia-mundial-de-las-enfermedades-raras-2013\/07-dra-beatriz-de-la-fuente-cortez-dsc00901.jpg\"\n           data-thumbnail=\"https:\/\/amigosmetabolicos.org\/wp-content\/gallery\/dia-mundial-de-las-enfermedades-raras-2013\/thumbs\/thumbs_07-dra-beatriz-de-la-fuente-cortez-dsc00901.jpg\"\n           data-image-id=\"322\"\n           data-title=\"07-dra-beatriz-de-la-fuente-cortez-dsc00901\"\n           data-description=\"\"\n           class='nggobasic-fancybox' rel='06ded2b58c2ab8aec2502908cfb68548'>\n\n            <img data-image-id='322'\n                 title=\"\"\n                 alt=\"07-dra-beatriz-de-la-fuente-cortez-dsc00901\"\n                 src=\"https:\/\/amigosmetabolicos.org\/wp-content\/gallery\/dia-mundial-de-las-enfermedades-raras-2013\/07-dra-beatriz-de-la-fuente-cortez-dsc00901.jpg\"\n                 style=\"max-height: 300px;\"\/>\n        <\/a>\n\n        <\/div> \n<div id=\"ngg-image-40\" class=\"ngg-gallery-slideshow-image\" style=\"height:320px\">\n\n        <a href=\"https:\/\/amigosmetabolicos.org\/wp-content\/gallery\/dia-mundial-de-las-enfermedades-raras-2013\/07-dra-beatriz-de-la-fuente-cortez-dsc00902.jpg\"\n           title=\"\"\n           data-src=\"https:\/\/amigosmetabolicos.org\/wp-content\/gallery\/dia-mundial-de-las-enfermedades-raras-2013\/07-dra-beatriz-de-la-fuente-cortez-dsc00902.jpg\"\n           data-thumbnail=\"https:\/\/amigosmetabolicos.org\/wp-content\/gallery\/dia-mundial-de-las-enfermedades-raras-2013\/thumbs\/thumbs_07-dra-beatriz-de-la-fuente-cortez-dsc00902.jpg\"\n           data-image-id=\"323\"\n           data-title=\"07-dra-beatriz-de-la-fuente-cortez-dsc00902\"\n           data-description=\"\"\n           class='nggobasic-fancybox' rel='06ded2b58c2ab8aec2502908cfb68548'>\n\n            <img data-image-id='323'\n                 title=\"\"\n                 alt=\"07-dra-beatriz-de-la-fuente-cortez-dsc00902\"\n                 src=\"https:\/\/amigosmetabolicos.org\/wp-content\/gallery\/dia-mundial-de-las-enfermedades-raras-2013\/07-dra-beatriz-de-la-fuente-cortez-dsc00902.jpg\"\n                 style=\"max-height: 300px;\"\/>\n        <\/a>\n\n        <\/div> \n<div id=\"ngg-image-41\" class=\"ngg-gallery-slideshow-image\" style=\"height:320px\">\n\n        <a href=\"https:\/\/amigosmetabolicos.org\/wp-content\/gallery\/dia-mundial-de-las-enfermedades-raras-2013\/07-dra-beatriz-de-la-fuente-cortez-img_4948.jpg\"\n           title=\"\"\n           data-src=\"https:\/\/amigosmetabolicos.org\/wp-content\/gallery\/dia-mundial-de-las-enfermedades-raras-2013\/07-dra-beatriz-de-la-fuente-cortez-img_4948.jpg\"\n           data-thumbnail=\"https:\/\/amigosmetabolicos.org\/wp-content\/gallery\/dia-mundial-de-las-enfermedades-raras-2013\/thumbs\/thumbs_07-dra-beatriz-de-la-fuente-cortez-img_4948.jpg\"\n           data-image-id=\"324\"\n           data-title=\"07-dra-beatriz-de-la-fuente-cortez-img_4948\"\n           data-description=\"\"\n           class='nggobasic-fancybox' rel='06ded2b58c2ab8aec2502908cfb68548'>\n\n            <img data-image-id='324'\n                 title=\"\"\n                 alt=\"07-dra-beatriz-de-la-fuente-cortez-img_4948\"\n                 src=\"https:\/\/amigosmetabolicos.org\/wp-content\/gallery\/dia-mundial-de-las-enfermedades-raras-2013\/07-dra-beatriz-de-la-fuente-cortez-img_4948.jpg\"\n                 style=\"max-height: 300px;\"\/>\n        <\/a>\n\n        <\/div> \n<div id=\"ngg-image-42\" class=\"ngg-gallery-slideshow-image\" style=\"height:320px\">\n\n        <a href=\"https:\/\/amigosmetabolicos.org\/wp-content\/gallery\/dia-mundial-de-las-enfermedades-raras-2013\/08-dra-adriana-bustamante-dsc00911.jpg\"\n           title=\"\"\n           data-src=\"https:\/\/amigosmetabolicos.org\/wp-content\/gallery\/dia-mundial-de-las-enfermedades-raras-2013\/08-dra-adriana-bustamante-dsc00911.jpg\"\n           data-thumbnail=\"https:\/\/amigosmetabolicos.org\/wp-content\/gallery\/dia-mundial-de-las-enfermedades-raras-2013\/thumbs\/thumbs_08-dra-adriana-bustamante-dsc00911.jpg\"\n           data-image-id=\"325\"\n           data-title=\"08-dra-adriana-bustamante-dsc00911\"\n           data-description=\"\"\n           class='nggobasic-fancybox' rel='06ded2b58c2ab8aec2502908cfb68548'>\n\n            <img data-image-id='325'\n                 title=\"\"\n                 alt=\"08-dra-adriana-bustamante-dsc00911\"\n                 src=\"https:\/\/amigosmetabolicos.org\/wp-content\/gallery\/dia-mundial-de-las-enfermedades-raras-2013\/08-dra-adriana-bustamante-dsc00911.jpg\"\n                 style=\"max-height: 300px;\"\/>\n        <\/a>\n\n        <\/div> \n<div id=\"ngg-image-43\" class=\"ngg-gallery-slideshow-image\" style=\"height:320px\">\n\n        <a href=\"https:\/\/amigosmetabolicos.org\/wp-content\/gallery\/dia-mundial-de-las-enfermedades-raras-2013\/08-dra-adriana-bustamante-img_4956.jpg\"\n           title=\"\"\n           data-src=\"https:\/\/amigosmetabolicos.org\/wp-content\/gallery\/dia-mundial-de-las-enfermedades-raras-2013\/08-dra-adriana-bustamante-img_4956.jpg\"\n           data-thumbnail=\"https:\/\/amigosmetabolicos.org\/wp-content\/gallery\/dia-mundial-de-las-enfermedades-raras-2013\/thumbs\/thumbs_08-dra-adriana-bustamante-img_4956.jpg\"\n           data-image-id=\"326\"\n           data-title=\"08-dra-adriana-bustamante-img_4956\"\n           data-description=\"\"\n           class='nggobasic-fancybox' rel='06ded2b58c2ab8aec2502908cfb68548'>\n\n            <img data-image-id='326'\n                 title=\"\"\n                 alt=\"08-dra-adriana-bustamante-img_4956\"\n                 src=\"https:\/\/amigosmetabolicos.org\/wp-content\/gallery\/dia-mundial-de-las-enfermedades-raras-2013\/08-dra-adriana-bustamante-img_4956.jpg\"\n                 style=\"max-height: 300px;\"\/>\n        <\/a>\n\n        <\/div> \n<div id=\"ngg-image-44\" class=\"ngg-gallery-slideshow-image\" style=\"height:320px\">\n\n        <a href=\"https:\/\/amigosmetabolicos.org\/wp-content\/gallery\/dia-mundial-de-las-enfermedades-raras-2013\/08-dra-adriana-bustamante-img_4957.jpg\"\n           title=\"\"\n           data-src=\"https:\/\/amigosmetabolicos.org\/wp-content\/gallery\/dia-mundial-de-las-enfermedades-raras-2013\/08-dra-adriana-bustamante-img_4957.jpg\"\n           data-thumbnail=\"https:\/\/amigosmetabolicos.org\/wp-content\/gallery\/dia-mundial-de-las-enfermedades-raras-2013\/thumbs\/thumbs_08-dra-adriana-bustamante-img_4957.jpg\"\n           data-image-id=\"327\"\n           data-title=\"08-dra-adriana-bustamante-img_4957\"\n           data-description=\"\"\n           class='nggobasic-fancybox' rel='06ded2b58c2ab8aec2502908cfb68548'>\n\n            <img data-image-id='327'\n                 title=\"\"\n                 alt=\"08-dra-adriana-bustamante-img_4957\"\n                 src=\"https:\/\/amigosmetabolicos.org\/wp-content\/gallery\/dia-mundial-de-las-enfermedades-raras-2013\/08-dra-adriana-bustamante-img_4957.jpg\"\n                 style=\"max-height: 300px;\"\/>\n        <\/a>\n\n        <\/div> \n<div id=\"ngg-image-45\" class=\"ngg-gallery-slideshow-image\" style=\"height:320px\">\n\n        <a href=\"https:\/\/amigosmetabolicos.org\/wp-content\/gallery\/dia-mundial-de-las-enfermedades-raras-2013\/09-xochitl-mendoza-morales-img_4968.jpg\"\n           title=\"\"\n           data-src=\"https:\/\/amigosmetabolicos.org\/wp-content\/gallery\/dia-mundial-de-las-enfermedades-raras-2013\/09-xochitl-mendoza-morales-img_4968.jpg\"\n           data-thumbnail=\"https:\/\/amigosmetabolicos.org\/wp-content\/gallery\/dia-mundial-de-las-enfermedades-raras-2013\/thumbs\/thumbs_09-xochitl-mendoza-morales-img_4968.jpg\"\n           data-image-id=\"328\"\n           data-title=\"09-xochitl-mendoza-morales-img_4968\"\n           data-description=\"\"\n           class='nggobasic-fancybox' rel='06ded2b58c2ab8aec2502908cfb68548'>\n\n            <img data-image-id='328'\n                 title=\"\"\n                 alt=\"09-xochitl-mendoza-morales-img_4968\"\n                 src=\"https:\/\/amigosmetabolicos.org\/wp-content\/gallery\/dia-mundial-de-las-enfermedades-raras-2013\/09-xochitl-mendoza-morales-img_4968.jpg\"\n                 style=\"max-height: 300px;\"\/>\n        <\/a>\n\n        <\/div> \n<div id=\"ngg-image-46\" class=\"ngg-gallery-slideshow-image\" style=\"height:320px\">\n\n        <a href=\"https:\/\/amigosmetabolicos.org\/wp-content\/gallery\/dia-mundial-de-las-enfermedades-raras-2013\/09-xochitl-mendoza-morales-img_4974.jpg\"\n           title=\"\"\n           data-src=\"https:\/\/amigosmetabolicos.org\/wp-content\/gallery\/dia-mundial-de-las-enfermedades-raras-2013\/09-xochitl-mendoza-morales-img_4974.jpg\"\n           data-thumbnail=\"https:\/\/amigosmetabolicos.org\/wp-content\/gallery\/dia-mundial-de-las-enfermedades-raras-2013\/thumbs\/thumbs_09-xochitl-mendoza-morales-img_4974.jpg\"\n           data-image-id=\"329\"\n           data-title=\"09-xochitl-mendoza-morales-img_4974\"\n           data-description=\"\"\n           class='nggobasic-fancybox' rel='06ded2b58c2ab8aec2502908cfb68548'>\n\n            <img data-image-id='329'\n                 title=\"\"\n                 alt=\"09-xochitl-mendoza-morales-img_4974\"\n                 src=\"https:\/\/amigosmetabolicos.org\/wp-content\/gallery\/dia-mundial-de-las-enfermedades-raras-2013\/09-xochitl-mendoza-morales-img_4974.jpg\"\n                 style=\"max-height: 300px;\"\/>\n        <\/a>\n\n        <\/div> \n<div id=\"ngg-image-47\" class=\"ngg-gallery-slideshow-image\" style=\"height:320px\">\n\n        <a href=\"https:\/\/amigosmetabolicos.org\/wp-content\/gallery\/dia-mundial-de-las-enfermedades-raras-2013\/09-xochitl-mendoza-morales-img_4976.jpg\"\n           title=\"\"\n           data-src=\"https:\/\/amigosmetabolicos.org\/wp-content\/gallery\/dia-mundial-de-las-enfermedades-raras-2013\/09-xochitl-mendoza-morales-img_4976.jpg\"\n           data-thumbnail=\"https:\/\/amigosmetabolicos.org\/wp-content\/gallery\/dia-mundial-de-las-enfermedades-raras-2013\/thumbs\/thumbs_09-xochitl-mendoza-morales-img_4976.jpg\"\n           data-image-id=\"330\"\n           data-title=\"09-xochitl-mendoza-morales-img_4976\"\n           data-description=\"\"\n           class='nggobasic-fancybox' rel='06ded2b58c2ab8aec2502908cfb68548'>\n\n            <img data-image-id='330'\n                 title=\"\"\n                 alt=\"09-xochitl-mendoza-morales-img_4976\"\n                 src=\"https:\/\/amigosmetabolicos.org\/wp-content\/gallery\/dia-mundial-de-las-enfermedades-raras-2013\/09-xochitl-mendoza-morales-img_4976.jpg\"\n                 style=\"max-height: 300px;\"\/>\n        <\/a>\n\n        <\/div> \n<div id=\"ngg-image-48\" class=\"ngg-gallery-slideshow-image\" style=\"height:320px\">\n\n        <a href=\"https:\/\/amigosmetabolicos.org\/wp-content\/gallery\/dia-mundial-de-las-enfermedades-raras-2013\/09-xochitl-mendoza-morales-img_4995.jpg\"\n           title=\"\"\n           data-src=\"https:\/\/amigosmetabolicos.org\/wp-content\/gallery\/dia-mundial-de-las-enfermedades-raras-2013\/09-xochitl-mendoza-morales-img_4995.jpg\"\n           data-thumbnail=\"https:\/\/amigosmetabolicos.org\/wp-content\/gallery\/dia-mundial-de-las-enfermedades-raras-2013\/thumbs\/thumbs_09-xochitl-mendoza-morales-img_4995.jpg\"\n           data-image-id=\"331\"\n           data-title=\"09-xochitl-mendoza-morales-img_4995\"\n           data-description=\"\"\n           class='nggobasic-fancybox' rel='06ded2b58c2ab8aec2502908cfb68548'>\n\n            <img data-image-id='331'\n                 title=\"\"\n                 alt=\"09-xochitl-mendoza-morales-img_4995\"\n                 src=\"https:\/\/amigosmetabolicos.org\/wp-content\/gallery\/dia-mundial-de-las-enfermedades-raras-2013\/09-xochitl-mendoza-morales-img_4995.jpg\"\n                 style=\"max-height: 300px;\"\/>\n        <\/a>\n\n        <\/div> \n<div id=\"ngg-image-49\" class=\"ngg-gallery-slideshow-image\" style=\"height:320px\">\n\n        <a href=\"https:\/\/amigosmetabolicos.org\/wp-content\/gallery\/dia-mundial-de-las-enfermedades-raras-2013\/09-xochitl-mendoza-morales-img_4997.jpg\"\n           title=\"\"\n           data-src=\"https:\/\/amigosmetabolicos.org\/wp-content\/gallery\/dia-mundial-de-las-enfermedades-raras-2013\/09-xochitl-mendoza-morales-img_4997.jpg\"\n           data-thumbnail=\"https:\/\/amigosmetabolicos.org\/wp-content\/gallery\/dia-mundial-de-las-enfermedades-raras-2013\/thumbs\/thumbs_09-xochitl-mendoza-morales-img_4997.jpg\"\n           data-image-id=\"332\"\n           data-title=\"09-xochitl-mendoza-morales-img_4997\"\n           data-description=\"\"\n           class='nggobasic-fancybox' rel='06ded2b58c2ab8aec2502908cfb68548'>\n\n            <img data-image-id='332'\n                 title=\"\"\n                 alt=\"09-xochitl-mendoza-morales-img_4997\"\n                 src=\"https:\/\/amigosmetabolicos.org\/wp-content\/gallery\/dia-mundial-de-las-enfermedades-raras-2013\/09-xochitl-mendoza-morales-img_4997.jpg\"\n                 style=\"max-height: 300px;\"\/>\n        <\/a>\n\n        <\/div> \n<div id=\"ngg-image-50\" class=\"ngg-gallery-slideshow-image\" style=\"height:320px\">\n\n        <a href=\"https:\/\/amigosmetabolicos.org\/wp-content\/gallery\/dia-mundial-de-las-enfermedades-raras-2013\/09-xochitlmendoza-morales-img_4978.jpg\"\n           title=\"\"\n           data-src=\"https:\/\/amigosmetabolicos.org\/wp-content\/gallery\/dia-mundial-de-las-enfermedades-raras-2013\/09-xochitlmendoza-morales-img_4978.jpg\"\n           data-thumbnail=\"https:\/\/amigosmetabolicos.org\/wp-content\/gallery\/dia-mundial-de-las-enfermedades-raras-2013\/thumbs\/thumbs_09-xochitlmendoza-morales-img_4978.jpg\"\n           data-image-id=\"333\"\n           data-title=\"09-xochitlmendoza-morales-img_4978\"\n           data-description=\"\"\n           class='nggobasic-fancybox' rel='06ded2b58c2ab8aec2502908cfb68548'>\n\n            <img data-image-id='333'\n                 title=\"\"\n                 alt=\"09-xochitlmendoza-morales-img_4978\"\n                 src=\"https:\/\/amigosmetabolicos.org\/wp-content\/gallery\/dia-mundial-de-las-enfermedades-raras-2013\/09-xochitlmendoza-morales-img_4978.jpg\"\n                 style=\"max-height: 300px;\"\/>\n        <\/a>\n\n        <\/div> \n<div id=\"ngg-image-51\" class=\"ngg-gallery-slideshow-image\" style=\"height:320px\">\n\n        <a href=\"https:\/\/amigosmetabolicos.org\/wp-content\/gallery\/dia-mundial-de-las-enfermedades-raras-2013\/10-xochitl-mendoza-morales-img_5003.jpg\"\n           title=\"\"\n           data-src=\"https:\/\/amigosmetabolicos.org\/wp-content\/gallery\/dia-mundial-de-las-enfermedades-raras-2013\/10-xochitl-mendoza-morales-img_5003.jpg\"\n           data-thumbnail=\"https:\/\/amigosmetabolicos.org\/wp-content\/gallery\/dia-mundial-de-las-enfermedades-raras-2013\/thumbs\/thumbs_10-xochitl-mendoza-morales-img_5003.jpg\"\n           data-image-id=\"334\"\n           data-title=\"10-xochitl-mendoza-morales-img_5003\"\n           data-description=\"\"\n           class='nggobasic-fancybox' rel='06ded2b58c2ab8aec2502908cfb68548'>\n\n            <img data-image-id='334'\n                 title=\"\"\n                 alt=\"10-xochitl-mendoza-morales-img_5003\"\n                 src=\"https:\/\/amigosmetabolicos.org\/wp-content\/gallery\/dia-mundial-de-las-enfermedades-raras-2013\/10-xochitl-mendoza-morales-img_5003.jpg\"\n                 style=\"max-height: 300px;\"\/>\n        <\/a>\n\n        <\/div> \n<div id=\"ngg-image-52\" class=\"ngg-gallery-slideshow-image\" style=\"height:320px\">\n\n        <a href=\"https:\/\/amigosmetabolicos.org\/wp-content\/gallery\/dia-mundial-de-las-enfermedades-raras-2013\/10-xochitl-mendoza-morales-img_5004.jpg\"\n           title=\"\"\n           data-src=\"https:\/\/amigosmetabolicos.org\/wp-content\/gallery\/dia-mundial-de-las-enfermedades-raras-2013\/10-xochitl-mendoza-morales-img_5004.jpg\"\n           data-thumbnail=\"https:\/\/amigosmetabolicos.org\/wp-content\/gallery\/dia-mundial-de-las-enfermedades-raras-2013\/thumbs\/thumbs_10-xochitl-mendoza-morales-img_5004.jpg\"\n           data-image-id=\"335\"\n           data-title=\"10-xochitl-mendoza-morales-img_5004\"\n           data-description=\"\"\n           class='nggobasic-fancybox' rel='06ded2b58c2ab8aec2502908cfb68548'>\n\n            <img data-image-id='335'\n                 title=\"\"\n                 alt=\"10-xochitl-mendoza-morales-img_5004\"\n                 src=\"https:\/\/amigosmetabolicos.org\/wp-content\/gallery\/dia-mundial-de-las-enfermedades-raras-2013\/10-xochitl-mendoza-morales-img_5004.jpg\"\n                 style=\"max-height: 300px;\"\/>\n        <\/a>\n\n        <\/div> \n<div id=\"ngg-image-53\" class=\"ngg-gallery-slideshow-image\" style=\"height:320px\">\n\n        <a href=\"https:\/\/amigosmetabolicos.org\/wp-content\/gallery\/dia-mundial-de-las-enfermedades-raras-2013\/11-dr-antonio-velazquez-arellano-img_4930.jpg\"\n           title=\"\"\n           data-src=\"https:\/\/amigosmetabolicos.org\/wp-content\/gallery\/dia-mundial-de-las-enfermedades-raras-2013\/11-dr-antonio-velazquez-arellano-img_4930.jpg\"\n           data-thumbnail=\"https:\/\/amigosmetabolicos.org\/wp-content\/gallery\/dia-mundial-de-las-enfermedades-raras-2013\/thumbs\/thumbs_11-dr-antonio-velazquez-arellano-img_4930.jpg\"\n           data-image-id=\"336\"\n           data-title=\"11-dr-antonio-velazquez-arellano-img_4930\"\n           data-description=\"\"\n           class='nggobasic-fancybox' rel='06ded2b58c2ab8aec2502908cfb68548'>\n\n            <img data-image-id='336'\n                 title=\"\"\n                 alt=\"11-dr-antonio-velazquez-arellano-img_4930\"\n                 src=\"https:\/\/amigosmetabolicos.org\/wp-content\/gallery\/dia-mundial-de-las-enfermedades-raras-2013\/11-dr-antonio-velazquez-arellano-img_4930.jpg\"\n                 style=\"max-height: 300px;\"\/>\n        <\/a>\n\n        <\/div> \n<div id=\"ngg-image-54\" class=\"ngg-gallery-slideshow-image\" style=\"height:320px\">\n\n        <a href=\"https:\/\/amigosmetabolicos.org\/wp-content\/gallery\/dia-mundial-de-las-enfermedades-raras-2013\/11-lm-av-xm-img_5028.jpg\"\n           title=\"\"\n           data-src=\"https:\/\/amigosmetabolicos.org\/wp-content\/gallery\/dia-mundial-de-las-enfermedades-raras-2013\/11-lm-av-xm-img_5028.jpg\"\n           data-thumbnail=\"https:\/\/amigosmetabolicos.org\/wp-content\/gallery\/dia-mundial-de-las-enfermedades-raras-2013\/thumbs\/thumbs_11-lm-av-xm-img_5028.jpg\"\n           data-image-id=\"337\"\n           data-title=\"11-lm-av-xm-img_5028\"\n           data-description=\"\"\n           class='nggobasic-fancybox' rel='06ded2b58c2ab8aec2502908cfb68548'>\n\n            <img data-image-id='337'\n                 title=\"\"\n                 alt=\"11-lm-av-xm-img_5028\"\n                 src=\"https:\/\/amigosmetabolicos.org\/wp-content\/gallery\/dia-mundial-de-las-enfermedades-raras-2013\/11-lm-av-xm-img_5028.jpg\"\n                 style=\"max-height: 300px;\"\/>\n        <\/a>\n\n        <\/div> \n<div id=\"ngg-image-55\" class=\"ngg-gallery-slideshow-image\" style=\"height:320px\">\n\n        <a href=\"https:\/\/amigosmetabolicos.org\/wp-content\/gallery\/dia-mundial-de-las-enfermedades-raras-2013\/conferencia-de-prensa-dsc00690.jpg\"\n           title=\"\"\n           data-src=\"https:\/\/amigosmetabolicos.org\/wp-content\/gallery\/dia-mundial-de-las-enfermedades-raras-2013\/conferencia-de-prensa-dsc00690.jpg\"\n           data-thumbnail=\"https:\/\/amigosmetabolicos.org\/wp-content\/gallery\/dia-mundial-de-las-enfermedades-raras-2013\/thumbs\/thumbs_conferencia-de-prensa-dsc00690.jpg\"\n           data-image-id=\"338\"\n           data-title=\"conferencia-de-prensa-dsc00690\"\n           data-description=\"\"\n           class='nggobasic-fancybox' rel='06ded2b58c2ab8aec2502908cfb68548'>\n\n            <img data-image-id='338'\n                 title=\"\"\n                 alt=\"conferencia-de-prensa-dsc00690\"\n                 src=\"https:\/\/amigosmetabolicos.org\/wp-content\/gallery\/dia-mundial-de-las-enfermedades-raras-2013\/conferencia-de-prensa-dsc00690.jpg\"\n                 style=\"max-height: 300px;\"\/>\n        <\/a>\n\n        <\/div> \n<div id=\"ngg-image-56\" class=\"ngg-gallery-slideshow-image\" style=\"height:320px\">\n\n        <a href=\"https:\/\/amigosmetabolicos.org\/wp-content\/gallery\/dia-mundial-de-las-enfermedades-raras-2013\/conferencia-de-prensa-dsc00889.jpg\"\n           title=\"\"\n           data-src=\"https:\/\/amigosmetabolicos.org\/wp-content\/gallery\/dia-mundial-de-las-enfermedades-raras-2013\/conferencia-de-prensa-dsc00889.jpg\"\n           data-thumbnail=\"https:\/\/amigosmetabolicos.org\/wp-content\/gallery\/dia-mundial-de-las-enfermedades-raras-2013\/thumbs\/thumbs_conferencia-de-prensa-dsc00889.jpg\"\n           data-image-id=\"339\"\n           data-title=\"conferencia-de-prensa-dsc00889\"\n           data-description=\"\"\n           class='nggobasic-fancybox' rel='06ded2b58c2ab8aec2502908cfb68548'>\n\n            <img data-image-id='339'\n                 title=\"\"\n                 alt=\"conferencia-de-prensa-dsc00889\"\n                 src=\"https:\/\/amigosmetabolicos.org\/wp-content\/gallery\/dia-mundial-de-las-enfermedades-raras-2013\/conferencia-de-prensa-dsc00889.jpg\"\n                 style=\"max-height: 300px;\"\/>\n        <\/a>\n\n        <\/div> \n<div id=\"ngg-image-57\" class=\"ngg-gallery-slideshow-image\" style=\"height:320px\">\n\n        <a href=\"https:\/\/amigosmetabolicos.org\/wp-content\/gallery\/dia-mundial-de-las-enfermedades-raras-2013\/conferencia-de-prensa-img_4609.jpg\"\n           title=\"\"\n           data-src=\"https:\/\/amigosmetabolicos.org\/wp-content\/gallery\/dia-mundial-de-las-enfermedades-raras-2013\/conferencia-de-prensa-img_4609.jpg\"\n           data-thumbnail=\"https:\/\/amigosmetabolicos.org\/wp-content\/gallery\/dia-mundial-de-las-enfermedades-raras-2013\/thumbs\/thumbs_conferencia-de-prensa-img_4609.jpg\"\n           data-image-id=\"340\"\n           data-title=\"conferencia-de-prensa-img_4609\"\n           data-description=\"\"\n           class='nggobasic-fancybox' rel='06ded2b58c2ab8aec2502908cfb68548'>\n\n            <img data-image-id='340'\n                 title=\"\"\n                 alt=\"conferencia-de-prensa-img_4609\"\n                 src=\"https:\/\/amigosmetabolicos.org\/wp-content\/gallery\/dia-mundial-de-las-enfermedades-raras-2013\/conferencia-de-prensa-img_4609.jpg\"\n                 style=\"max-height: 300px;\"\/>\n        <\/a>\n\n        <\/div> \n<div id=\"ngg-image-58\" class=\"ngg-gallery-slideshow-image\" style=\"height:320px\">\n\n        <a href=\"https:\/\/amigosmetabolicos.org\/wp-content\/gallery\/dia-mundial-de-las-enfermedades-raras-2013\/conferencia-de-prensa-img_4610.jpg\"\n           title=\"\"\n           data-src=\"https:\/\/amigosmetabolicos.org\/wp-content\/gallery\/dia-mundial-de-las-enfermedades-raras-2013\/conferencia-de-prensa-img_4610.jpg\"\n           data-thumbnail=\"https:\/\/amigosmetabolicos.org\/wp-content\/gallery\/dia-mundial-de-las-enfermedades-raras-2013\/thumbs\/thumbs_conferencia-de-prensa-img_4610.jpg\"\n           data-image-id=\"341\"\n           data-title=\"conferencia-de-prensa-img_4610\"\n           data-description=\"\"\n           class='nggobasic-fancybox' rel='06ded2b58c2ab8aec2502908cfb68548'>\n\n            <img data-image-id='341'\n                 title=\"\"\n                 alt=\"conferencia-de-prensa-img_4610\"\n                 src=\"https:\/\/amigosmetabolicos.org\/wp-content\/gallery\/dia-mundial-de-las-enfermedades-raras-2013\/conferencia-de-prensa-img_4610.jpg\"\n                 style=\"max-height: 300px;\"\/>\n        <\/a>\n\n        <\/div> \n<div id=\"ngg-image-59\" class=\"ngg-gallery-slideshow-image\" style=\"height:320px\">\n\n        <a href=\"https:\/\/amigosmetabolicos.org\/wp-content\/gallery\/dia-mundial-de-las-enfermedades-raras-2013\/conferencia-de-prensa-img_4669.jpg\"\n           title=\"\"\n           data-src=\"https:\/\/amigosmetabolicos.org\/wp-content\/gallery\/dia-mundial-de-las-enfermedades-raras-2013\/conferencia-de-prensa-img_4669.jpg\"\n           data-thumbnail=\"https:\/\/amigosmetabolicos.org\/wp-content\/gallery\/dia-mundial-de-las-enfermedades-raras-2013\/thumbs\/thumbs_conferencia-de-prensa-img_4669.jpg\"\n           data-image-id=\"342\"\n           data-title=\"conferencia-de-prensa-img_4669\"\n           data-description=\"\"\n           class='nggobasic-fancybox' rel='06ded2b58c2ab8aec2502908cfb68548'>\n\n            <img data-image-id='342'\n                 title=\"\"\n                 alt=\"conferencia-de-prensa-img_4669\"\n                 src=\"https:\/\/amigosmetabolicos.org\/wp-content\/gallery\/dia-mundial-de-las-enfermedades-raras-2013\/conferencia-de-prensa-img_4669.jpg\"\n                 style=\"max-height: 300px;\"\/>\n        <\/a>\n\n        <\/div> \n<div id=\"ngg-image-60\" class=\"ngg-gallery-slideshow-image\" style=\"height:320px\">\n\n        <a href=\"https:\/\/amigosmetabolicos.org\/wp-content\/gallery\/dia-mundial-de-las-enfermedades-raras-2013\/conferencia-de-prensa-img_4700.jpg\"\n           title=\"\"\n           data-src=\"https:\/\/amigosmetabolicos.org\/wp-content\/gallery\/dia-mundial-de-las-enfermedades-raras-2013\/conferencia-de-prensa-img_4700.jpg\"\n           data-thumbnail=\"https:\/\/amigosmetabolicos.org\/wp-content\/gallery\/dia-mundial-de-las-enfermedades-raras-2013\/thumbs\/thumbs_conferencia-de-prensa-img_4700.jpg\"\n           data-image-id=\"343\"\n           data-title=\"conferencia-de-prensa-img_4700\"\n           data-description=\"\"\n           class='nggobasic-fancybox' rel='06ded2b58c2ab8aec2502908cfb68548'>\n\n            <img data-image-id='343'\n                 title=\"\"\n                 alt=\"conferencia-de-prensa-img_4700\"\n                 src=\"https:\/\/amigosmetabolicos.org\/wp-content\/gallery\/dia-mundial-de-las-enfermedades-raras-2013\/conferencia-de-prensa-img_4700.jpg\"\n                 style=\"max-height: 300px;\"\/>\n        <\/a>\n\n        <\/div> \n<div id=\"ngg-image-61\" class=\"ngg-gallery-slideshow-image\" style=\"height:320px\">\n\n        <a href=\"https:\/\/amigosmetabolicos.org\/wp-content\/gallery\/dia-mundial-de-las-enfermedades-raras-2013\/staff-amam-dscf3135.jpg\"\n           title=\"\"\n           data-src=\"https:\/\/amigosmetabolicos.org\/wp-content\/gallery\/dia-mundial-de-las-enfermedades-raras-2013\/staff-amam-dscf3135.jpg\"\n           data-thumbnail=\"https:\/\/amigosmetabolicos.org\/wp-content\/gallery\/dia-mundial-de-las-enfermedades-raras-2013\/thumbs\/thumbs_staff-amam-dscf3135.jpg\"\n           data-image-id=\"344\"\n           data-title=\"staff-amam-dscf3135\"\n           data-description=\"\"\n           class='nggobasic-fancybox' rel='06ded2b58c2ab8aec2502908cfb68548'>\n\n            <img data-image-id='344'\n                 title=\"\"\n                 alt=\"staff-amam-dscf3135\"\n                 src=\"https:\/\/amigosmetabolicos.org\/wp-content\/gallery\/dia-mundial-de-las-enfermedades-raras-2013\/staff-amam-dscf3135.jpg\"\n                 style=\"max-height: 300px;\"\/>\n        <\/a>\n\n        <\/div> \n<div id=\"ngg-image-62\" class=\"ngg-gallery-slideshow-image\" style=\"height:320px\">\n\n        <a href=\"https:\/\/amigosmetabolicos.org\/wp-content\/gallery\/dia-mundial-de-las-enfermedades-raras-2013\/staff-amam-dscf3141.jpg\"\n           title=\"\"\n           data-src=\"https:\/\/amigosmetabolicos.org\/wp-content\/gallery\/dia-mundial-de-las-enfermedades-raras-2013\/staff-amam-dscf3141.jpg\"\n           data-thumbnail=\"https:\/\/amigosmetabolicos.org\/wp-content\/gallery\/dia-mundial-de-las-enfermedades-raras-2013\/thumbs\/thumbs_staff-amam-dscf3141.jpg\"\n           data-image-id=\"345\"\n           data-title=\"staff-amam-dscf3141\"\n           data-description=\"\"\n           class='nggobasic-fancybox' rel='06ded2b58c2ab8aec2502908cfb68548'>\n\n            <img data-image-id='345'\n                 title=\"\"\n                 alt=\"staff-amam-dscf3141\"\n                 src=\"https:\/\/amigosmetabolicos.org\/wp-content\/gallery\/dia-mundial-de-las-enfermedades-raras-2013\/staff-amam-dscf3141.jpg\"\n                 style=\"max-height: 300px;\"\/>\n        <\/a>\n\n        <\/div> \n<\/div>\n\n\n\t\t<!-- Thumbnails Link -->\n\t<div class=\"slideshowlink\" style=\"max-width: 420px;\">\n        <a href='https:\/\/amigosmetabolicos.org\/index.php\/nggallery\/thumbnails?p=1933'>[Show picture list]<\/a>\n\t<\/div>\n\n<\/h2>\n<h2><span style=\"color: #339966;\">Amigos Metab\u00f3licos, estuvo presente en el Simposio \u201cD\u00eda Mundial de las Enfermedades Raras\u201d, celebrado el pasado martes 26 de febrero de 2013, en el Hotel Monterrey Macroplaza.<\/span><\/h2>\n<h2><span style=\"color: #339966;\">A la inauguraci\u00f3n del evento asistieron, El Secretario de Salud del Estado de Nuevo le\u00f3n, Dr. Jes\u00fas Zacar\u00edas Villarreal P\u00e9rez; como invitado especial, el Investigador, promotor y pionero en M\u00e9xico del Tamiz Neonatal, nuestro querido Dr. Antonio Vel\u00e1zquez Arellano; el Secretario T\u00e9cnico de la Secretar\u00eda de Salud, Francisco Javier Garc\u00eda Elizondo; el Director de Salud P\u00fablica, Rafael Hern\u00e1ndez Flores; el Jefe de Jurisdicciones Sanitaras, H\u00e9ctor Garza Hern\u00e1ndez; la Jefa del Departamento de Gen\u00e9tica de la Facultad de Medicina de la UANL, la Dra. Laura Mart\u00ednez de Villarreal y la Presidenta de la Asociaci\u00f3n Mexicana de Amigos Metab\u00f3licos, A. C., la Sra. Xochitl N. Mendoza Morales.<\/span><\/h2>\n<h2><span style=\"color: #339966;\">Festejamos el d\u00eda mundial de las Enfermedades en Monterrey, Nuevo Le\u00f3n, porque es El estado donde se detectan 39 enfermedades Raras mediante el Tamiz metab\u00f3lico Ampliado.<\/span><\/h2>\n<h2><span style=\"color: #339966;\">Este es un Ejemplo a Seguir\u2026<\/span><\/h2>\n<p>&nbsp;<\/p>\n<p>&nbsp;<\/p>\n","protected":false},"excerpt":{"rendered":"<p>Amigos Metab\u00f3licos, estuvo presente en el Simposio \u201cD\u00eda Mundial de las Enfermedades Raras\u201d, celebrado el pasado martes 26 de febrero de 2013, en el Hotel Monterrey Macroplaza. A la inauguraci\u00f3n del evento asistieron, El Secretario de Salud del Estado de Nuevo le\u00f3n, Dr. Jes\u00fas Zacar\u00edas Villarreal P\u00e9rez; como invitado especial, el Investigador, promotor y pionero [&hellip;]<\/p>\n","protected":false},"author":1,"featured_media":0,"comment_status":"open","ping_status":"closed","sticky":false,"template":"","format":"standard","meta":{"ngg_post_thumbnail":0},"categories":[32],"tags":[12,16,53,46,48,47,19,20,52,26,45,51,44],"_links":{"self":[{"href":"https:\/\/amigosmetabolicos.org\/index.php?rest_route=\/wp\/v2\/posts\/1933"}],"collection":[{"href":"https:\/\/amigosmetabolicos.org\/index.php?rest_route=\/wp\/v2\/posts"}],"about":[{"href":"https:\/\/amigosmetabolicos.org\/index.php?rest_route=\/wp\/v2\/types\/post"}],"author":[{"embeddable":true,"href":"https:\/\/amigosmetabolicos.org\/index.php?rest_route=\/wp\/v2\/users\/1"}],"replies":[{"embeddable":true,"href":"https:\/\/amigosmetabolicos.org\/index.php?rest_route=%2Fwp%2Fv2%2Fcomments&post=1933"}],"version-history":[{"count":23,"href":"https:\/\/amigosmetabolicos.org\/index.php?rest_route=\/wp\/v2\/posts\/1933\/revisions"}],"predecessor-version":[{"id":1949,"href":"https:\/\/amigosmetabolicos.org\/index.php?rest_route=\/wp\/v2\/posts\/1933\/revisions\/1949"}],"wp:attachment":[{"href":"https:\/\/amigosmetabolicos.org\/index.php?rest_route=%2Fwp%2Fv2%2Fmedia&parent=1933"}],"wp:term":[{"taxonomy":"category","embeddable":true,"href":"https:\/\/amigosmetabolicos.org\/index.php?rest_route=%2Fwp%2Fv2%2Fcategories&post=1933"},{"taxonomy":"post_tag","embeddable":true,"href":"https:\/\/amigosmetabolicos.org\/index.php?rest_route=%2Fwp%2Fv2%2Ftags&post=1933"}],"curies":[{"name":"wp","href":"https:\/\/api.w.org\/{rel}","templated":true}]}}