{"id":1924,"date":"2013-02-28T06:03:45","date_gmt":"2013-02-28T12:03:45","guid":{"rendered":"http:\/\/www.amigosmetabolicos.org\/?p=1924"},"modified":"2014-08-28T23:12:05","modified_gmt":"2014-08-29T05:12:05","slug":"dr-antonio-velazquez-arellano-invitado-especial-al-simposio-dia-mundial-de-las-enfermedades-raras-monterrey-n-l-2013","status":"publish","type":"post","link":"https:\/\/amigosmetabolicos.org\/?p=1924","title":{"rendered":"Dr. Antonio Vel\u00e1zquez Arellano Invitado especial al Simposio \u00abD\u00eda Mundial de las Enfermedades Raras\u00bb Monterrey, N. L. 2013"},"content":{"rendered":"<p><img loading=\"lazy\" class=\"ngg-singlepic ngg-none\" src=\"http:\/\/www.amigosmetabolicos.org\/wp-content\/gallery\/dia-mundial-de-las-enfermedades-raras-2013\/11-dr-antonio-velazquez-arellano-img_4930.jpg\" alt=\"11-dr-antonio-velazquez-arellano-img_4930\" width=\"359\" height=\"585\" \/><\/p>\n<h2><span style=\"color: #003366;\">El Dr. Antonio Vel\u00e1zquez Arellano invitado especial a este magno evento, tendr\u00e1 una especial participaci\u00f3n en la Conferencia Magistral:<\/span><\/h2>\n<h2><span style=\"color: #003366;\">\u201cEl Tamiz Neonatal ya no es lo mismo que antes, nuevas oportunidades y desaf\u00edos\u201d<\/span><\/h2>\n<h2><span style=\"color: #003366;\">Dr. Antonio Vel\u00e1zquez Arellano (M\u00e9xico, D. F. 1939) quien en el \u00e1rea de la Gen\u00e9tica y la Salud, es uno de los investigadores m\u00e1s distinguidos a nivel nacional e internacional.<\/span><\/h2>\n<h2><span style=\"color: #003366;\">Durante su trayectoria, el doctor Antonio Vel\u00e1zquez y su equipo de trabajo, realizaron una prueba que permitiera detectar el hipotiroidismo cong\u00e9nito, obteniendo un tamiz que hoy se aplica a todos los reci\u00e9n nacidos en las instituciones p\u00fablicas de salud del pa\u00eds.<\/span><\/h2>\n<h2><span style=\"color: #003366;\">Premio internacional Reina Sof\u00eda en Espa\u00f1a, por esta aportaci\u00f3n, le vali\u00f3 al doctor Antonio Vel\u00e1zquez Arellano, el cual se acumula a una importante lista de distinciones recibidas por el investigador a lo largo de m\u00e1s de 40 a\u00f1os de trabajo.<\/span><\/h2>\n<h2><span style=\"color: #003366;\">Tenemos el gusto y placer de contar con su amistad, respeto y cari\u00f1o.<\/span><\/h2>\n<p>&nbsp;<\/p>\n","protected":false},"excerpt":{"rendered":"<p>El Dr. Antonio Vel\u00e1zquez Arellano invitado especial a este magno evento, tendr\u00e1 una especial participaci\u00f3n en la Conferencia Magistral: \u201cEl Tamiz Neonatal ya no es lo mismo que antes, nuevas oportunidades y desaf\u00edos\u201d Dr. Antonio Vel\u00e1zquez Arellano (M\u00e9xico, D. F. 1939) quien en el \u00e1rea de la Gen\u00e9tica y la Salud, es uno de los [&hellip;]<\/p>\n","protected":false},"author":1,"featured_media":1927,"comment_status":"open","ping_status":"closed","sticky":false,"template":"","format":"standard","meta":{"ngg_post_thumbnail":0},"categories":[5],"tags":[12,13,16,48,47,49,19,20,52,50,45,51,44],"_links":{"self":[{"href":"https:\/\/amigosmetabolicos.org\/index.php?rest_route=\/wp\/v2\/posts\/1924"}],"collection":[{"href":"https:\/\/amigosmetabolicos.org\/index.php?rest_route=\/wp\/v2\/posts"}],"about":[{"href":"https:\/\/amigosmetabolicos.org\/index.php?rest_route=\/wp\/v2\/types\/post"}],"author":[{"embeddable":true,"href":"https:\/\/amigosmetabolicos.org\/index.php?rest_route=\/wp\/v2\/users\/1"}],"replies":[{"embeddable":true,"href":"https:\/\/amigosmetabolicos.org\/index.php?rest_route=%2Fwp%2Fv2%2Fcomments&post=1924"}],"version-history":[{"count":15,"href":"https:\/\/amigosmetabolicos.org\/index.php?rest_route=\/wp\/v2\/posts\/1924\/revisions"}],"predecessor-version":[{"id":2561,"href":"https:\/\/amigosmetabolicos.org\/index.php?rest_route=\/wp\/v2\/posts\/1924\/revisions\/2561"}],"wp:featuredmedia":[{"embeddable":true,"href":"https:\/\/amigosmetabolicos.org\/index.php?rest_route=\/wp\/v2\/media\/1927"}],"wp:attachment":[{"href":"https:\/\/amigosmetabolicos.org\/index.php?rest_route=%2Fwp%2Fv2%2Fmedia&parent=1924"}],"wp:term":[{"taxonomy":"category","embeddable":true,"href":"https:\/\/amigosmetabolicos.org\/index.php?rest_route=%2Fwp%2Fv2%2Fcategories&post=1924"},{"taxonomy":"post_tag","embeddable":true,"href":"https:\/\/amigosmetabolicos.org\/index.php?rest_route=%2Fwp%2Fv2%2Ftags&post=1924"}],"curies":[{"name":"wp","href":"https:\/\/api.w.org\/{rel}","templated":true}]}}