{"id":1771,"date":"2013-01-25T20:36:22","date_gmt":"2013-01-26T02:36:22","guid":{"rendered":"http:\/\/www.amigosmetabolicos.org\/?p=1771"},"modified":"2014-08-28T23:21:58","modified_gmt":"2014-08-29T05:21:58","slug":"tamiz-ampliado-refora-a-la-ley-general-de-salud","status":"publish","type":"post","link":"https:\/\/amigosmetabolicos.org\/?p=1771","title":{"rendered":"Tamiz Ampliado Reforma a la Ley General de Salud"},"content":{"rendered":"<h1><strong><span style=\"color: #003366;\">Viernes 25 de Enero 2013<\/span><\/strong><\/h1>\n<h1><strong><span style=\"color: #003366;\">Oficialmente el Tamiz Ampliado, publicado en el Diario Oficial de la Federaci\u00f3n.<\/span><\/strong><\/h1>\n<p>&nbsp;<\/p>\n<div id=\"attachment_1798\" style=\"width: 473px\" class=\"wp-caption aligncenter\"><a href=\"http:\/\/www.amigosmetabolicos.org\/wp-content\/uploads\/2013\/01\/Diario-Oficial-Tamiz-Ampliado-25012013-MAT.jpg\"><img aria-describedby=\"caption-attachment-1798\" loading=\"lazy\" class=\"size-medium wp-image-1798\" title=\"Diario Oficial Tamiz Ampliado 25012013-MAT\" src=\"http:\/\/www.amigosmetabolicos.org\/wp-content\/uploads\/2013\/01\/Diario-Oficial-Tamiz-Ampliado-25012013-MAT-463x600.jpg\" alt=\"Tamiz Ampliado Oficial\" width=\"463\" height=\"600\" srcset=\"https:\/\/amigosmetabolicos.org\/wp-content\/uploads\/2013\/01\/Diario-Oficial-Tamiz-Ampliado-25012013-MAT-463x600.jpg 463w, https:\/\/amigosmetabolicos.org\/wp-content\/uploads\/2013\/01\/Diario-Oficial-Tamiz-Ampliado-25012013-MAT-154x200.jpg 154w, https:\/\/amigosmetabolicos.org\/wp-content\/uploads\/2013\/01\/Diario-Oficial-Tamiz-Ampliado-25012013-MAT-791x1024.jpg 791w, https:\/\/amigosmetabolicos.org\/wp-content\/uploads\/2013\/01\/Diario-Oficial-Tamiz-Ampliado-25012013-MAT.jpg 1700w\" sizes=\"(max-width: 463px) 100vw, 463px\" \/><\/a><p id=\"caption-attachment-1798\" class=\"wp-caption-text\">Tamiz Ampliado Oficial<\/p><\/div>\n<p>&nbsp;<\/p>\n<p>&nbsp;<\/p>\n<h2><\/h2>\n<h2><span style=\"color: #333300;\"><strong>Fue un trabajo en el que intervinieron muchos actores, algunos Senadores y Diputados comprometidos, M\u00e9dicos expertos y Sociedad Civil, sumando esfuerzos con organizaciones como la que encabeza Edgar Tapia quien hizo un extraordinario trabajo y en el que puso toda su fuerza y determinaci\u00f3n.<\/strong><strong><\/strong><\/span><\/h2>\n<h2><\/h2>\n<h2><span style=\"color: #333300;\"><strong>Como parte de nuestras actividades, sensibilizamos y concientizamos, ejercimos <\/strong><strong>presi\u00f3n con cartas de solicitud a servidores p\u00fablicos, realizamos conferencias de prensa, entrevistas en radio y televisi\u00f3n, juntas, pl\u00e1ticas, etc. <\/strong><\/span><\/h2>\n<h2><\/h2>\n<h2><span style=\"color: #333300;\"><strong>Un trabajo que como padres siempre tuvimos fe en lograrlo, todo esto llev\u00f3 un tiempo muy valioso, tiempo que le restamos a nuestros hijos pero vali\u00f3 la pena.<\/strong><strong><\/strong><\/span><\/h2>\n<h2><\/h2>\n<h2><span style=\"color: #333300;\">Despu\u00e9s de toda esta lucha, le puedo decir a mi hijo Diego: \u00abTu misi\u00f3n comienza a cumplirse\u00bb, a Juan Pablo: \u00abTu misi\u00f3n comienza a cumplirse\u00bb y a Lupita: \u00abTu muerte no fue en vano\u00bb.<\/span><\/h2>\n<h2><span style=\"color: #003366;\">\u00a0<\/span><\/h2>\n<p>&nbsp;<\/p>\n","protected":false},"excerpt":{"rendered":"<p>Viernes 25 de Enero 2013 Oficialmente el Tamiz Ampliado, publicado en el Diario Oficial de la Federaci\u00f3n. &nbsp; &nbsp; &nbsp; Fue un trabajo en el que intervinieron muchos actores, algunos Senadores y Diputados comprometidos, M\u00e9dicos expertos y Sociedad Civil, sumando esfuerzos con organizaciones como la que encabeza Edgar Tapia quien hizo un extraordinario trabajo y [&hellip;]<\/p>\n","protected":false},"author":1,"featured_media":1798,"comment_status":"open","ping_status":"closed","sticky":false,"template":"","format":"standard","meta":{"ngg_post_thumbnail":0},"categories":[5,6,1,32],"tags":[12,13,16,46,47,19,45,44],"_links":{"self":[{"href":"https:\/\/amigosmetabolicos.org\/index.php?rest_route=\/wp\/v2\/posts\/1771"}],"collection":[{"href":"https:\/\/amigosmetabolicos.org\/index.php?rest_route=\/wp\/v2\/posts"}],"about":[{"href":"https:\/\/amigosmetabolicos.org\/index.php?rest_route=\/wp\/v2\/types\/post"}],"author":[{"embeddable":true,"href":"https:\/\/amigosmetabolicos.org\/index.php?rest_route=\/wp\/v2\/users\/1"}],"replies":[{"embeddable":true,"href":"https:\/\/amigosmetabolicos.org\/index.php?rest_route=%2Fwp%2Fv2%2Fcomments&post=1771"}],"version-history":[{"count":38,"href":"https:\/\/amigosmetabolicos.org\/index.php?rest_route=\/wp\/v2\/posts\/1771\/revisions"}],"predecessor-version":[{"id":1790,"href":"https:\/\/amigosmetabolicos.org\/index.php?rest_route=\/wp\/v2\/posts\/1771\/revisions\/1790"}],"wp:featuredmedia":[{"embeddable":true,"href":"https:\/\/amigosmetabolicos.org\/index.php?rest_route=\/wp\/v2\/media\/1798"}],"wp:attachment":[{"href":"https:\/\/amigosmetabolicos.org\/index.php?rest_route=%2Fwp%2Fv2%2Fmedia&parent=1771"}],"wp:term":[{"taxonomy":"category","embeddable":true,"href":"https:\/\/amigosmetabolicos.org\/index.php?rest_route=%2Fwp%2Fv2%2Fcategories&post=1771"},{"taxonomy":"post_tag","embeddable":true,"href":"https:\/\/amigosmetabolicos.org\/index.php?rest_route=%2Fwp%2Fv2%2Ftags&post=1771"}],"curies":[{"name":"wp","href":"https:\/\/api.w.org\/{rel}","templated":true}]}}