{"id":1171,"date":"2012-03-06T13:18:34","date_gmt":"2012-03-06T19:18:34","guid":{"rendered":"http:\/\/www.amigosmetabolicos.org\/?p=1171"},"modified":"2014-08-28T23:39:42","modified_gmt":"2014-08-29T05:39:42","slug":"reunion-de-seguimiento-subsecretaria-de-prevencion-y-promocion-de-la-salud","status":"publish","type":"post","link":"https:\/\/amigosmetabolicos.org\/?p=1171","title":{"rendered":"Reuni\u00f3n de Seguimiento Subsecretar\u00eda de prevenci\u00f3n y promoci\u00f3n de la salud"},"content":{"rendered":"<div class=\"mceTemp\">\n<div id=\"attachment_1112\" style=\"width: 276px\" class=\"wp-caption alignleft\"><a href=\"http:\/\/www.amigosmetabolicos.org\/?attachment_id=1112\" rel=\"attachment wp-att-1112\"><img aria-describedby=\"caption-attachment-1112\" loading=\"lazy\" class=\"size-thumbnail wp-image-1112\" title=\"Dr.Pablo Kuri Morales, Sra.Xochitl Mendoza.\" src=\"http:\/\/www.amigosmetabolicos.org\/wp-content\/uploads\/2012\/01\/Dr.Pablo-Kuri-Morales..-266x200.jpg\" alt=\"Dr.Pablo Kuri Morales, Sra.Xochitl Mendoza.\" width=\"266\" height=\"200\" \/><\/a><p id=\"caption-attachment-1112\" class=\"wp-caption-text\">Dr.Pablo Kuri Morales, Sra.Xochitl Mendoza.<\/p><\/div>\n<p>&nbsp;<\/p>\n<p>Representante de AMAM la Sra. Xochitl Noemi Mendoza Morales (Presidenta)\u00a0se reune nuevamente en la Subsecretaria con el Dr. Pablo Kuri (Subsecretario y M\u00e9dico Asesor de AMAM), asistieron la Dra. Susana Cer\u00f3n (Directora General del Centro Nacional de Equidad de G\u00e9nero y Salud Reproductiva), Dra. Erika Garc\u00eda (Subdirectora), con el objetivo de presentar informaci\u00f3n del panorama actual del Tamiz Neonatal a Nivel Nacional deacuerdo a investigaciones previas de AMAM.<\/p>\n<p style=\"text-align: justify;\">Agradecemos enormemente la disponibilidad de los Doctores para poder regular la NOM034 Defectos al Nacimiento, d\u00f3nde el enfoque principal de los lineamientos ser\u00e1n la calidad y el buen servicio de un programa de Tamiz Neonatal, esto evitar\u00e1 serias problematicas que en la actualidad\u00a0 han provocado que cada Instituci\u00f3n tenga sus propias reglas, siendo el Organo Rector SSA har\u00e1 lo que corresponde teniendo\u00a0nuestro apoyo incondicional de la Sociedad Civil como ellos bien lo saben.<\/p>\n<\/div>\n<p style=\"text-align: justify;\">Estamos trabajando conjuntamente para lograr las bases s\u00f3lidas de un programa de prevenci\u00f3n\u00a0tan importante como lo es el Tamiz Neonatal, sabemos que el Dr. Pablo Kuri es una persona comprometida\u00a0 y sin duda lograr\u00e1 grandes cambios para mejorar la calidad de vida de los pacientes con EIM durante su administraci\u00f3n.<\/p>\n<p style=\"text-align: justify;\">Estaremos informando el avance del tema.<\/p>\n<p style=\"text-align: center;\"><strong><span style=\"color: #008000;\">ASOCIACION MEXICANA DE AMIGOS MTEBAOLICOS A.C.<\/span><\/strong><\/p>\n<p>&nbsp;<\/p>\n<p>&nbsp;<\/p>\n","protected":false},"excerpt":{"rendered":"<p>&nbsp; Representante de AMAM la Sra. Xochitl Noemi Mendoza Morales (Presidenta)\u00a0se reune nuevamente en la Subsecretaria con el Dr. Pablo Kuri (Subsecretario y M\u00e9dico Asesor de AMAM), asistieron la Dra. Susana Cer\u00f3n (Directora General del Centro Nacional de Equidad de G\u00e9nero y Salud Reproductiva), Dra. Erika Garc\u00eda (Subdirectora), con el objetivo de presentar informaci\u00f3n del [&hellip;]<\/p>\n","protected":false},"author":4,"featured_media":0,"comment_status":"open","ping_status":"closed","sticky":false,"template":"","format":"standard","meta":{"ngg_post_thumbnail":0},"categories":[5,1,32],"tags":[],"_links":{"self":[{"href":"https:\/\/amigosmetabolicos.org\/index.php?rest_route=\/wp\/v2\/posts\/1171"}],"collection":[{"href":"https:\/\/amigosmetabolicos.org\/index.php?rest_route=\/wp\/v2\/posts"}],"about":[{"href":"https:\/\/amigosmetabolicos.org\/index.php?rest_route=\/wp\/v2\/types\/post"}],"author":[{"embeddable":true,"href":"https:\/\/amigosmetabolicos.org\/index.php?rest_route=\/wp\/v2\/users\/4"}],"replies":[{"embeddable":true,"href":"https:\/\/amigosmetabolicos.org\/index.php?rest_route=%2Fwp%2Fv2%2Fcomments&post=1171"}],"version-history":[{"count":52,"href":"https:\/\/amigosmetabolicos.org\/index.php?rest_route=\/wp\/v2\/posts\/1171\/revisions"}],"predecessor-version":[{"id":2601,"href":"https:\/\/amigosmetabolicos.org\/index.php?rest_route=\/wp\/v2\/posts\/1171\/revisions\/2601"}],"wp:attachment":[{"href":"https:\/\/amigosmetabolicos.org\/index.php?rest_route=%2Fwp%2Fv2%2Fmedia&parent=1171"}],"wp:term":[{"taxonomy":"category","embeddable":true,"href":"https:\/\/amigosmetabolicos.org\/index.php?rest_route=%2Fwp%2Fv2%2Fcategories&post=1171"},{"taxonomy":"post_tag","embeddable":true,"href":"https:\/\/amigosmetabolicos.org\/index.php?rest_route=%2Fwp%2Fv2%2Ftags&post=1171"}],"curies":[{"name":"wp","href":"https:\/\/api.w.org\/{rel}","templated":true}]}}