{"id":1089,"date":"2012-01-14T13:04:47","date_gmt":"2012-01-14T19:04:47","guid":{"rendered":"http:\/\/www.amigosmetabolicos.org\/?p=1089"},"modified":"2012-10-04T20:23:23","modified_gmt":"2012-10-05T02:23:23","slug":"gran-exito-el-programa-piloto-de-tamiz-metabolico-ampliado-en-nuevo-leon","status":"publish","type":"post","link":"https:\/\/amigosmetabolicos.org\/?p=1089","title":{"rendered":"Gran \u00e9xito el programa piloto de Tamiz Metab\u00f3lico Ampliado en Nuevo Le\u00f3n"},"content":{"rendered":"<div id=\"attachment_1340\" style=\"width: 580px\" class=\"wp-caption alignleft\"><a href=\"http:\/\/www.amigosmetabolicos.org\/?attachment_id=1340\" rel=\"attachment wp-att-1340\"><img aria-describedby=\"caption-attachment-1340\" loading=\"lazy\" class=\"size-medium wp-image-1340\" title=\"Xochitl Mendoza, Mtro. Salom\u00f2n Chertorivski Woldenberg\" src=\"http:\/\/www.amigosmetabolicos.org\/wp-content\/uploads\/2012\/10\/XM-SC-01-600x600.jpg\" alt=\"Xochitl Mendoza, Mtro. Salom\u00f2n Chertorivski Woldenberg\" width=\"570\" height=\"570\" srcset=\"https:\/\/amigosmetabolicos.org\/wp-content\/uploads\/2012\/10\/XM-SC-01-600x600.jpg 600w, https:\/\/amigosmetabolicos.org\/wp-content\/uploads\/2012\/10\/XM-SC-01-200x200.jpg 200w, https:\/\/amigosmetabolicos.org\/wp-content\/uploads\/2012\/10\/XM-SC-01-146x146.jpg 146w, https:\/\/amigosmetabolicos.org\/wp-content\/uploads\/2012\/10\/XM-SC-01-1024x1024.jpg 1024w\" sizes=\"(max-width: 570px) 100vw, 570px\" \/><\/a><p id=\"caption-attachment-1340\" class=\"wp-caption-text\">Xochitl Mendoza, Mtro. Salom\u00f2n Chertorivski Woldenberg<\/p><\/div>\n<p>&nbsp;<\/p>\n<p>&nbsp;<\/p>\n<p>&nbsp;<\/p>\n<p>&nbsp;<\/p>\n<p>&nbsp;<\/p>\n<p>&nbsp;<\/p>\n<p>&nbsp;<\/p>\n<p>&nbsp;<\/p>\n<p>&nbsp;<\/p>\n<p>&nbsp;<\/p>\n<p>&nbsp;<\/p>\n<p>&nbsp;<\/p>\n<p>&nbsp;<\/p>\n<p>&nbsp;<\/p>\n<p>&nbsp;<\/p>\n<p>&nbsp;<\/p>\n<p>&nbsp;<\/p>\n<p>&nbsp;<\/p>\n<p>&nbsp;<\/p>\n<p>&nbsp;<\/p>\n<p>Despu\u00e9s de un largo camino de mucho trabajo, entrega y preparaci\u00f3n<br \/>\npor parte de la Dra. Laura Elia Mart\u00ednez de Villarreal, el Dr. Jes\u00fas Zacar\u00edas<br \/>\nVillarreal y todo su equipo tan profesional de la \u00a0Universidad Aut\u00f3noma de Nuevo Le\u00f3n, puede ser<br \/>\nposible compartir este gran logro que se ve cristalizado en este maravilloso<br \/>\nestado que le apuesta a la salud y a la prevenci\u00f3n de 39 enfermedades cong\u00e9nitas,<br \/>\nmencionando tambi\u00e9n a los estados de Jalisco y Campeche, d\u00f3nde se brindara la<br \/>\noportunidad de diagnosticar oportunamente a los bebes que nacen con un error<br \/>\ninnato del metabolismo previniendo la discapacidad en sus pobladores.<\/p>\n<p>Muchas felicidades a los pioneros de este programa que sin duda<br \/>\nalguna es un \u00e9xito hist\u00f3rico y ejemplo a seguir para todo M\u00e9xico.<\/p>\n<p>Dr. Jes\u00fas Zacar\u00edas de Villarreal (Secretario de Salud del Estado<br \/>\nde Nuevo Le\u00f3n).<\/p>\n<p>Dra. Laura Elia Mart\u00ednez de Villarreal (Jefa del Laboratorio de Gen\u00e9tica<br \/>\nde la UNANL).<\/p>\n<p>AMAM trabaja conjuntamente con la Secretar\u00eda de Salud y la<br \/>\nUniversidad Aut\u00f3noma de Nuevo Le\u00f3n para seguir apoyando y promoviendo que<br \/>\nexistan este tipo de programas integrales que brindan atenci\u00f3n multidisciplinaria<br \/>\nal paciente metab\u00f3lico y que sin duda alguna previenen la discapacidad en<br \/>\nnuestros ni\u00f1os mexicanos.<\/p>\n<p>&nbsp;<\/p>\n<p style=\"text-align: center;\"><span style=\"color: #339966;\">\u00abNo hay cometido m\u00e0s grande ni recompensa m\u00e0s gratificante que salvar la vida de un ni\u00f1o\u00bb<\/span><\/p>\n<p style=\"text-align: center;\">\n","protected":false},"excerpt":{"rendered":"<p>&nbsp; &nbsp; &nbsp; &nbsp; &nbsp; &nbsp; &nbsp; &nbsp; &nbsp; &nbsp; &nbsp; &nbsp; &nbsp; &nbsp; &nbsp; &nbsp; &nbsp; &nbsp; &nbsp; &nbsp; Despu\u00e9s de un largo camino de mucho trabajo, entrega y preparaci\u00f3n por parte de la Dra. Laura Elia Mart\u00ednez de Villarreal, el Dr. Jes\u00fas Zacar\u00edas Villarreal y todo su equipo tan profesional de la \u00a0Universidad [&hellip;]<\/p>\n","protected":false},"author":4,"featured_media":1340,"comment_status":"open","ping_status":"closed","sticky":false,"template":"","format":"standard","meta":{"ngg_post_thumbnail":0},"categories":[5],"tags":[],"_links":{"self":[{"href":"https:\/\/amigosmetabolicos.org\/index.php?rest_route=\/wp\/v2\/posts\/1089"}],"collection":[{"href":"https:\/\/amigosmetabolicos.org\/index.php?rest_route=\/wp\/v2\/posts"}],"about":[{"href":"https:\/\/amigosmetabolicos.org\/index.php?rest_route=\/wp\/v2\/types\/post"}],"author":[{"embeddable":true,"href":"https:\/\/amigosmetabolicos.org\/index.php?rest_route=\/wp\/v2\/users\/4"}],"replies":[{"embeddable":true,"href":"https:\/\/amigosmetabolicos.org\/index.php?rest_route=%2Fwp%2Fv2%2Fcomments&post=1089"}],"version-history":[{"count":23,"href":"https:\/\/amigosmetabolicos.org\/index.php?rest_route=\/wp\/v2\/posts\/1089\/revisions"}],"predecessor-version":[{"id":1360,"href":"https:\/\/amigosmetabolicos.org\/index.php?rest_route=\/wp\/v2\/posts\/1089\/revisions\/1360"}],"wp:featuredmedia":[{"embeddable":true,"href":"https:\/\/amigosmetabolicos.org\/index.php?rest_route=\/wp\/v2\/media\/1340"}],"wp:attachment":[{"href":"https:\/\/amigosmetabolicos.org\/index.php?rest_route=%2Fwp%2Fv2%2Fmedia&parent=1089"}],"wp:term":[{"taxonomy":"category","embeddable":true,"href":"https:\/\/amigosmetabolicos.org\/index.php?rest_route=%2Fwp%2Fv2%2Fcategories&post=1089"},{"taxonomy":"post_tag","embeddable":true,"href":"https:\/\/amigosmetabolicos.org\/index.php?rest_route=%2Fwp%2Fv2%2Ftags&post=1089"}],"curies":[{"name":"wp","href":"https:\/\/api.w.org\/{rel}","templated":true}]}}